[{"@context":"https:\/\/schema.org\/","@type":"Article","@id":"https:\/\/www.amepo.cz\/autobusem-do-italie\/#Article","mainEntityOfPage":"https:\/\/www.amepo.cz\/autobusem-do-italie\/","headline":"Autobusem do It\u00e1lie","name":"Autobusem do It\u00e1lie","description":"Mysl\u00edm si, \u017ee cestov\u00e1n\u00ed ka\u017ed\u00e9ho \u010dlov\u011bka bav\u00ed, opravdu nezn\u00e1m \u010dlov\u011bka, kter\u00fd by mi \u0159ekl, \u017ee v\u016fbec ho nebav\u00ed cestov\u00e1n\u00ed, tedy vlastn\u011b kdy\u017e opominu babi\u010dku s d\u011bde\u010dkem. Kolikr\u00e1t jsem se je babi\u010dky s d\u011bde\u010dkem ptala, jestli u\u017e tak\u00e9 byly u mo\u0159e oba 2 mi \u0159ekli, \u017ee tam nikdy nebyli. Sice j\u00e1, kdy je mi p\u011btat\u0159icet let,","datePublished":"2023-12-25","dateModified":"2023-12-25","author":{"@type":"Person","@id":"https:\/\/www.amepo.cz\/author\/#Person","name":"","url":"https:\/\/www.amepo.cz\/author\/","identifier":1,"image":{"@type":"ImageObject","@id":"https:\/\/secure.gravatar.com\/avatar\/cfe4dae5aaf43720425415780408681beb9b9a829e9a657295ed1cacce5febc2?s=96&d=mm&r=g","url":"https:\/\/secure.gravatar.com\/avatar\/cfe4dae5aaf43720425415780408681beb9b9a829e9a657295ed1cacce5febc2?s=96&d=mm&r=g","height":96,"width":96}},"publisher":{"@type":"Organization","name":"amepo.cz","logo":{"@type":"ImageObject","@id":"\/logo.png","url":"\/logo.png","width":600,"height":60}},"image":{"@type":"ImageObject","@id":"https:\/\/www.amepo.cz\/wp-content\/uploads\/autobus.png","url":"https:\/\/www.amepo.cz\/wp-content\/uploads\/autobus.png","height":0,"width":0},"url":"https:\/\/www.amepo.cz\/autobusem-do-italie\/","about":["Cestov\u00e1n\u00ed"],"wordCount":426,"articleBody":"Mysl\u00edm si, \u017ee cestov\u00e1n\u00ed ka\u017ed\u00e9ho \u010dlov\u011bka bav\u00ed, opravdu nezn\u00e1m \u010dlov\u011bka, kter\u00fd by mi \u0159ekl, \u017ee v\u016fbec ho nebav\u00ed cestov\u00e1n\u00ed, tedy vlastn\u011b kdy\u017e opominu babi\u010dku s d\u011bde\u010dkem. Kolikr\u00e1t jsem se je babi\u010dky s d\u011bde\u010dkem ptala, jestli u\u017e tak\u00e9 byly u mo\u0159e oba 2 mi \u0159ekli, \u017ee tam nikdy nebyli. Sice j\u00e1, kdy je mi p\u011btat\u0159icet let, tak jsem u mo\u0159e byla jenom dvakr\u00e1t. A proto\u017ee jsem si \u0159ekla, \u017ee se synem pojedeme alespo\u0148 na jeden den k mo\u0159i, jsou takov\u00e9 svozov\u00e9 autobusy, kde jednodu\u0161e p\u0159es noc nastoup\u00edte. Jedete celou noc, abyste se vyspali a potom byste deset\u00a0hodin u mo\u0159e. Pov\u00edm v\u00e1m, \u017ee je to opravdu perfektn\u00ed a potom zase nave\u010der odj\u00ed\u017ed\u00edm dom\u016f. Cesta tam n\u00e1m trvala asi jeden\u00e1ct\u00a0hodin a zp\u00e1tky tak\u00e9 deset\u00a0hodin. Kdy\u017e jsme byli u mo\u0159e a mus\u00edm uznat, \u017ee i tohle mi sta\u010dilo. J\u00e1 si mysl\u00edm, \u017ee je hodn\u011b lid\u00ed, kte\u0159\u00ed takhle jezd\u00ed na jednodenn\u00ed v\u00fdlety k mo\u0159i. Dali jsme v It\u00e1lii, bylo to opravdu perfektn\u00ed, je\u0161t\u011b bychom cht\u011bli n\u011bkam na Istrii, uvid\u00edm, jak to dopadne a kolik budu m\u00edt financ\u00ed. Samoz\u0159ejm\u011b, \u017ee to nen\u00ed nic drah\u00e9ho. Ale kdy\u017e jsem sama matka samo\u017eivitelka, tak je to docela drah\u00e9. Proto jsem si \u0159ekla, \u017ee nejlep\u0161\u00ed bude, kdy\u017e t\u0159eba k sob\u011b n\u011bkoho se\u017eenu a mohli bychom jet tak\u00e9 autem. T\u0159eba kdybychom jeli t\u0159i\u00a0nebo \u010dty\u0159i\u00a0lidi, tak bychom si tak\u00e9 rozpo\u010d\u00edtali pen\u00edze. A nemusela bych platit tolik pen\u011bz za dopravu. Co se ale t\u00fdk\u00e1 cestov\u00e1n\u00ed, tak samoz\u0159ejm\u011b \u017ee bych cht\u011bla jet tak\u00e9 n\u011bkam opravdu daleko. N\u011bkam na nich. L\u00edb\u00ed se mi opravdu tepl\u00e1 m\u00edsta, a\u017e tropick\u00e1 m\u00edsta. Tak\u00e9 jsem si \u0159\u00edkala, \u017ee bych n\u011bkdy cht\u011bla cestovat do n\u011bjak\u00e9ho pralesa, jenom\u017ee to se boj\u00edm, jsou tam hadi \u0161t\u00ed\u0159i a velic\u00ed pavouci. Sly\u0161ela jsem, \u017ee n\u011bkdo cestuje. Do Austr\u00e1lie, \u017ee pr\u00fd tam, jsou opravdu ob\u0159\u00ed pavouci. Z toho bych se asi zbl\u00e1znila, proto\u017ee m\u00e1m klaustrofobii a tak\u00e9 arachnofobii, tak\u017ee s arachnofobi\u00ed bych se asi do Austr\u00e1lie pod\u00edvat. Nemohla tedy do n\u011bjak\u00e9 d\u017eungle. Tohle rozhodn\u011b ne, ale n\u011bkam takhle do m\u011bsta se pod\u00edvat, to by se mi l\u00edbilo.\u00a0                                                                                                                                                                                                                                                                                                                                                                                                "},{"@context":"https:\/\/schema.org\/","@type":"BreadcrumbList","itemListElement":[{"@type":"ListItem","position":1,"name":"Autobusem do It\u00e1lie","item":"https:\/\/www.amepo.cz\/autobusem-do-italie\/#breadcrumbitem"}]}]