{"@context":"https:\/\/schema.org\/","@type":"CollectionPage","@id":"https:\/\/www.amepo.cz\/firmy\/#CollectionPage","headline":"Firmy Category","description":"","url":"https:\/\/www.amepo.cz\/firmy\/","hasPart":[{"@type":"Article","@id":"https:\/\/www.amepo.cz\/stehovani-do-kancelarskych-prostor-spojene-s-vyklizenim\/","headline":"St\u011bhov\u00e1n\u00ed do kancel\u00e1\u0159sk\u00fdch prostor spojen\u00e9 s vykl\u00edzen\u00edm","url":"https:\/\/www.amepo.cz\/stehovani-do-kancelarskych-prostor-spojene-s-vyklizenim\/","datePublished":"2024-08-23","dateModified":"2024-08-23","mainEntityOfPage":"https:\/\/www.amepo.cz\/stehovani-do-kancelarskych-prostor-spojene-s-vyklizenim\/","author":{"@type":"Person","@id":"https:\/\/www.amepo.cz\/author\/#Person","name":"","url":"https:\/\/www.amepo.cz\/author\/","identifier":1,"image":{"@type":"ImageObject","@id":"https:\/\/secure.gravatar.com\/avatar\/cfe4dae5aaf43720425415780408681beb9b9a829e9a657295ed1cacce5febc2?s=96&d=mm&r=g","url":"https:\/\/secure.gravatar.com\/avatar\/cfe4dae5aaf43720425415780408681beb9b9a829e9a657295ed1cacce5febc2?s=96&d=mm&r=g","height":96,"width":96}},"publisher":{"@type":"Organization","name":"amepo.cz","logo":{"@type":"ImageObject","@id":"\/logo.png","url":"\/logo.png","width":600,"height":60}},"image":{"@type":"ImageObject","@id":"https:\/\/www.amepo.cz\/wp-content\/uploads\/stamp-114353_640_1.jpg","url":"https:\/\/www.amepo.cz\/wp-content\/uploads\/stamp-114353_640_1.jpg","height":0,"width":0},"keywords":null},{"@type":"Article","@id":"https:\/\/www.amepo.cz\/o-co-muzete-pozadat-elektrikare\/","headline":"O co m\u016f\u017eete po\u017e\u00e1dat elektrik\u00e1\u0159e","url":"https:\/\/www.amepo.cz\/o-co-muzete-pozadat-elektrikare\/","datePublished":"2024-08-20","dateModified":"2024-08-20","mainEntityOfPage":"https:\/\/www.amepo.cz\/o-co-muzete-pozadat-elektrikare\/","author":{"@type":"Person","@id":"https:\/\/www.amepo.cz\/author\/#Person","name":"","url":"https:\/\/www.amepo.cz\/author\/","identifier":1,"image":{"@type":"ImageObject","@id":"https:\/\/secure.gravatar.com\/avatar\/cfe4dae5aaf43720425415780408681beb9b9a829e9a657295ed1cacce5febc2?s=96&d=mm&r=g","url":"https:\/\/secure.gravatar.com\/avatar\/cfe4dae5aaf43720425415780408681beb9b9a829e9a657295ed1cacce5febc2?s=96&d=mm&r=g","height":96,"width":96}},"publisher":{"@type":"Organization","name":"amepo.cz","logo":{"@type":"ImageObject","@id":"\/logo.png","url":"\/logo.png","width":600,"height":60}},"image":{"@type":"ImageObject","@id":"https:\/\/www.amepo.cz\/wp-content\/uploads\/wire-1098059_640_10_7.jpg","url":"https:\/\/www.amepo.cz\/wp-content\/uploads\/wire-1098059_640_10_7.jpg","height":0,"width":0},"keywords":null},{"@type":"Article","@id":"https:\/\/www.amepo.cz\/co-s-ucpanym-zachodem\/","headline":"Co s ucpan\u00fdm z\u00e1chodem","url":"https:\/\/www.amepo.cz\/co-s-ucpanym-zachodem\/","datePublished":"2024-08-18","dateModified":"2024-08-18","mainEntityOfPage":"https:\/\/www.amepo.cz\/co-s-ucpanym-zachodem\/","author":{"@type":"Person","@id":"https:\/\/www.amepo.cz\/author\/#Person","name":"","url":"https:\/\/www.amepo.cz\/author\/","identifier":1,"image":{"@type":"ImageObject","@id":"https:\/\/secure.gravatar.com\/avatar\/cfe4dae5aaf43720425415780408681beb9b9a829e9a657295ed1cacce5febc2?s=96&d=mm&r=g","url":"https:\/\/secure.gravatar.com\/avatar\/cfe4dae5aaf43720425415780408681beb9b9a829e9a657295ed1cacce5febc2?s=96&d=mm&r=g","height":96,"width":96}},"publisher":{"@type":"Organization","name":"amepo.cz","logo":{"@type":"ImageObject","@id":"\/logo.png","url":"\/logo.png","width":600,"height":60}},"image":{"@type":"ImageObject","@id":"https:\/\/www.amepo.cz\/wp-content\/uploads\/plumber-1160822_640_10.jpg","url":"https:\/\/www.amepo.cz\/wp-content\/uploads\/plumber-1160822_640_10.jpg","height":0,"width":0},"keywords":null},{"@type":"Article","@id":"https:\/\/www.amepo.cz\/revize-elektrospotrebicu-se-muze-tykat-i-vas\/","headline":"Revize elektrospot\u0159ebi\u010d\u016f se m\u016f\u017ee t\u00fdkat i v\u00e1s","url":"https:\/\/www.amepo.cz\/revize-elektrospotrebicu-se-muze-tykat-i-vas\/","datePublished":"2024-08-06","dateModified":"2024-08-06","mainEntityOfPage":"https:\/\/www.amepo.cz\/revize-elektrospotrebicu-se-muze-tykat-i-vas\/","author":{"@type":"Person","@id":"https:\/\/www.amepo.cz\/author\/#Person","name":"","url":"https:\/\/www.amepo.cz\/author\/","identifier":1,"image":{"@type":"ImageObject","@id":"https:\/\/secure.gravatar.com\/avatar\/cfe4dae5aaf43720425415780408681beb9b9a829e9a657295ed1cacce5febc2?s=96&d=mm&r=g","url":"https:\/\/secure.gravatar.com\/avatar\/cfe4dae5aaf43720425415780408681beb9b9a829e9a657295ed1cacce5febc2?s=96&d=mm&r=g","height":96,"width":96}},"publisher":{"@type":"Organization","name":"amepo.cz","logo":{"@type":"ImageObject","@id":"\/logo.png","url":"\/logo.png","width":600,"height":60}},"image":{"@type":"ImageObject","@id":"https:\/\/www.amepo.cz\/wp-content\/uploads\/coffee-2589761_640.jpg","url":"https:\/\/www.amepo.cz\/wp-content\/uploads\/coffee-2589761_640.jpg","height":0,"width":0},"keywords":null},{"@type":"Article","@id":"https:\/\/www.amepo.cz\/dukladne-promyslet-nez-se-zacne-planovat\/","headline":"D\u016fkladn\u011b promyslet ne\u017e se za\u010dne pl\u00e1novat.","url":"https:\/\/www.amepo.cz\/dukladne-promyslet-nez-se-zacne-planovat\/","datePublished":"2024-07-28","dateModified":"2024-07-28","mainEntityOfPage":"https:\/\/www.amepo.cz\/dukladne-promyslet-nez-se-zacne-planovat\/","author":{"@type":"Person","@id":"https:\/\/www.amepo.cz\/author\/#Person","name":"","url":"https:\/\/www.amepo.cz\/author\/","identifier":1,"image":{"@type":"ImageObject","@id":"https:\/\/secure.gravatar.com\/avatar\/cfe4dae5aaf43720425415780408681beb9b9a829e9a657295ed1cacce5febc2?s=96&d=mm&r=g","url":"https:\/\/secure.gravatar.com\/avatar\/cfe4dae5aaf43720425415780408681beb9b9a829e9a657295ed1cacce5febc2?s=96&d=mm&r=g","height":96,"width":96}},"publisher":{"@type":"Organization","name":"amepo.cz","logo":{"@type":"ImageObject","@id":"\/logo.png","url":"\/logo.png","width":600,"height":60}},"image":{"@type":"ImageObject","@id":"https:\/\/www.amepo.cz\/wp-content\/uploads\/pexels-fu-zhichao-176355-587741.jpg","url":"https:\/\/www.amepo.cz\/wp-content\/uploads\/pexels-fu-zhichao-176355-587741.jpg","height":0,"width":0},"keywords":null},{"@type":"Article","@id":"https:\/\/www.amepo.cz\/pomucka-pro-maklere\/","headline":"Pom\u016fcka pro makl\u00e9\u0159e.","url":"https:\/\/www.amepo.cz\/pomucka-pro-maklere\/","datePublished":"2024-07-28","dateModified":"2024-07-28","mainEntityOfPage":"https:\/\/www.amepo.cz\/pomucka-pro-maklere\/","author":{"@type":"Person","@id":"https:\/\/www.amepo.cz\/author\/#Person","name":"","url":"https:\/\/www.amepo.cz\/author\/","identifier":1,"image":{"@type":"ImageObject","@id":"https:\/\/secure.gravatar.com\/avatar\/cfe4dae5aaf43720425415780408681beb9b9a829e9a657295ed1cacce5febc2?s=96&d=mm&r=g","url":"https:\/\/secure.gravatar.com\/avatar\/cfe4dae5aaf43720425415780408681beb9b9a829e9a657295ed1cacce5febc2?s=96&d=mm&r=g","height":96,"width":96}},"publisher":{"@type":"Organization","name":"amepo.cz","logo":{"@type":"ImageObject","@id":"\/logo.png","url":"\/logo.png","width":600,"height":60}},"image":{"@type":"ImageObject","@id":"https:\/\/www.amepo.cz\/wp-content\/uploads\/pexels-energepic-com-27411-313691.jpg","url":"https:\/\/www.amepo.cz\/wp-content\/uploads\/pexels-energepic-com-27411-313691.jpg","height":0,"width":0},"keywords":null},{"@type":"Article","@id":"https:\/\/www.amepo.cz\/berte-sazeni-na-fotbal-jako-hru\/","headline":"Berte s\u00e1zen\u00ed na fotbal jako hru","url":"https:\/\/www.amepo.cz\/berte-sazeni-na-fotbal-jako-hru\/","datePublished":"2024-07-26","dateModified":"2024-07-26","mainEntityOfPage":"https:\/\/www.amepo.cz\/berte-sazeni-na-fotbal-jako-hru\/","author":{"@type":"Person","@id":"https:\/\/www.amepo.cz\/author\/#Person","name":"","url":"https:\/\/www.amepo.cz\/author\/","identifier":1,"image":{"@type":"ImageObject","@id":"https:\/\/secure.gravatar.com\/avatar\/cfe4dae5aaf43720425415780408681beb9b9a829e9a657295ed1cacce5febc2?s=96&d=mm&r=g","url":"https:\/\/secure.gravatar.com\/avatar\/cfe4dae5aaf43720425415780408681beb9b9a829e9a657295ed1cacce5febc2?s=96&d=mm&r=g","height":96,"width":96}},"publisher":{"@type":"Organization","name":"amepo.cz","logo":{"@type":"ImageObject","@id":"\/logo.png","url":"\/logo.png","width":600,"height":60}},"image":{"@type":"ImageObject","@id":"https:\/\/www.amepo.cz\/wp-content\/uploads\/ball-488718_640.jpg","url":"https:\/\/www.amepo.cz\/wp-content\/uploads\/ball-488718_640.jpg","height":0,"width":0},"keywords":null},{"@type":"Article","@id":"https:\/\/www.amepo.cz\/klic-k-efektivnimu-rizeni-mezd-a-zamestnaneckych-benefitu\/","headline":"Kl\u00ed\u010d k efektivn\u00edmu \u0159\u00edzen\u00ed mezd a zam\u011bstnaneck\u00fdch benefit\u016f","url":"https:\/\/www.amepo.cz\/klic-k-efektivnimu-rizeni-mezd-a-zamestnaneckych-benefitu\/","datePublished":"2024-06-18","dateModified":"2024-06-18","mainEntityOfPage":"https:\/\/www.amepo.cz\/klic-k-efektivnimu-rizeni-mezd-a-zamestnaneckych-benefitu\/","author":{"@type":"Person","@id":"https:\/\/www.amepo.cz\/author\/#Person","name":"","url":"https:\/\/www.amepo.cz\/author\/","identifier":1,"image":{"@type":"ImageObject","@id":"https:\/\/secure.gravatar.com\/avatar\/cfe4dae5aaf43720425415780408681beb9b9a829e9a657295ed1cacce5febc2?s=96&d=mm&r=g","url":"https:\/\/secure.gravatar.com\/avatar\/cfe4dae5aaf43720425415780408681beb9b9a829e9a657295ed1cacce5febc2?s=96&d=mm&r=g","height":96,"width":96}},"publisher":{"@type":"Organization","name":"amepo.cz","logo":{"@type":"ImageObject","@id":"\/logo.png","url":"\/logo.png","width":600,"height":60}},"image":{"@type":"ImageObject","@id":"https:\/\/www.amepo.cz\/wp-content\/uploads\/mzdy.jpg","url":"https:\/\/www.amepo.cz\/wp-content\/uploads\/mzdy.jpg","height":0,"width":0},"keywords":null},{"@type":"Article","@id":"https:\/\/www.amepo.cz\/proc-si-radeji-volime-sidlo-spolecnosti-v-praze\/","headline":"Pro\u010d si rad\u011bji vol\u00edme s\u00eddlo spole\u010dnosti v Praze","url":"https:\/\/www.amepo.cz\/proc-si-radeji-volime-sidlo-spolecnosti-v-praze\/","datePublished":"2024-06-10","dateModified":"2024-06-10","mainEntityOfPage":"https:\/\/www.amepo.cz\/proc-si-radeji-volime-sidlo-spolecnosti-v-praze\/","author":{"@type":"Person","@id":"https:\/\/www.amepo.cz\/author\/#Person","name":"","url":"https:\/\/www.amepo.cz\/author\/","identifier":1,"image":{"@type":"ImageObject","@id":"https:\/\/secure.gravatar.com\/avatar\/cfe4dae5aaf43720425415780408681beb9b9a829e9a657295ed1cacce5febc2?s=96&d=mm&r=g","url":"https:\/\/secure.gravatar.com\/avatar\/cfe4dae5aaf43720425415780408681beb9b9a829e9a657295ed1cacce5febc2?s=96&d=mm&r=g","height":96,"width":96}},"publisher":{"@type":"Organization","name":"amepo.cz","logo":{"@type":"ImageObject","@id":"\/logo.png","url":"\/logo.png","width":600,"height":60}},"image":{"@type":"ImageObject","@id":"https:\/\/www.amepo.cz\/wp-content\/uploads\/prague-433979_640_7.jpg","url":"https:\/\/www.amepo.cz\/wp-content\/uploads\/prague-433979_640_7.jpg","height":0,"width":0},"keywords":null},{"@type":"Article","@id":"https:\/\/www.amepo.cz\/kam-s-reklamou\/","headline":"Kam s reklamou","url":"https:\/\/www.amepo.cz\/kam-s-reklamou\/","datePublished":"2024-06-08","dateModified":"2024-07-08","mainEntityOfPage":"https:\/\/www.amepo.cz\/kam-s-reklamou\/","author":{"@type":"Person","@id":"https:\/\/www.amepo.cz\/author\/#Person","name":"","url":"https:\/\/www.amepo.cz\/author\/","identifier":1,"image":{"@type":"ImageObject","@id":"https:\/\/secure.gravatar.com\/avatar\/cfe4dae5aaf43720425415780408681beb9b9a829e9a657295ed1cacce5febc2?s=96&d=mm&r=g","url":"https:\/\/secure.gravatar.com\/avatar\/cfe4dae5aaf43720425415780408681beb9b9a829e9a657295ed1cacce5febc2?s=96&d=mm&r=g","height":96,"width":96}},"publisher":{"@type":"Organization","name":"amepo.cz","logo":{"@type":"ImageObject","@id":"\/logo.png","url":"\/logo.png","width":600,"height":60}},"image":{"@type":"ImageObject","@id":"https:\/\/www.amepo.cz\/wp-content\/uploads\/mobile-phone-1917737_640_8.jpg","url":"https:\/\/www.amepo.cz\/wp-content\/uploads\/mobile-phone-1917737_640_8.jpg","height":0,"width":0},"keywords":null}]}