[{"@context":"https:\/\/schema.org\/","@type":"Article","@id":"https:\/\/www.amepo.cz\/muze-mit-sklenik-kazdy\/#Article","mainEntityOfPage":"https:\/\/www.amepo.cz\/muze-mit-sklenik-kazdy\/","headline":"M\u016f\u017ee m\u00edt sklen\u00edk ka\u017ed\u00fd","name":"M\u016f\u017ee m\u00edt sklen\u00edk ka\u017ed\u00fd","description":"Jak\u00fd si v dne\u0161n\u00ed dom\u011b m\u016f\u017eete po\u0159\u00eddit sklen\u00edk nebo pa\u0159eni\u0161t\u011b. D\u0159\u00edve to bylo na ka\u017ed\u00e9 rodin\u011b, aby si n\u011bco takov\u00e9ho vytvo\u0159ili a nebylo to slo\u017eit\u00e9. Byla ud\u011bl\u00e1na m\u00edsta na v\u00fdsadbu, kter\u00e1 se dala zakr\u00fdt. Byli to takov\u00e9 koryta, kter\u00e1 ve v\u011bt\u0161in\u011b p\u0159\u00edpad\u016f byla zad\u011bl\u00e1na okny a to doslova. V\u011bt\u0161inou se zakr\u00fdvalo okny, co se po","datePublished":"2024-09-16","dateModified":"2024-09-16","author":{"@type":"Person","@id":"https:\/\/www.amepo.cz\/author\/#Person","name":"","url":"https:\/\/www.amepo.cz\/author\/","identifier":1,"image":{"@type":"ImageObject","@id":"https:\/\/secure.gravatar.com\/avatar\/cfe4dae5aaf43720425415780408681beb9b9a829e9a657295ed1cacce5febc2?s=96&d=mm&r=g","url":"https:\/\/secure.gravatar.com\/avatar\/cfe4dae5aaf43720425415780408681beb9b9a829e9a657295ed1cacce5febc2?s=96&d=mm&r=g","height":96,"width":96}},"publisher":{"@type":"Organization","name":"amepo.cz","logo":{"@type":"ImageObject","@id":"\/logo.png","url":"\/logo.png","width":600,"height":60}},"image":{"@type":"ImageObject","@id":"https:\/\/www.amepo.cz\/wp-content\/uploads\/pexels-karolina-grabowska-4750272_1.jpg","url":"https:\/\/www.amepo.cz\/wp-content\/uploads\/pexels-karolina-grabowska-4750272_1.jpg","height":0,"width":0},"url":"https:\/\/www.amepo.cz\/muze-mit-sklenik-kazdy\/","about":["V\u00fdrobky"],"wordCount":477,"articleBody":"    Jak\u00fd si v dne\u0161n\u00ed dom\u011b m\u016f\u017eete po\u0159\u00eddit sklen\u00edk nebo pa\u0159eni\u0161t\u011b. D\u0159\u00edve to bylo na ka\u017ed\u00e9 rodin\u011b, aby si n\u011bco takov\u00e9ho vytvo\u0159ili a nebylo to slo\u017eit\u00e9. Byla ud\u011bl\u00e1na m\u00edsta na v\u00fdsadbu, kter\u00e1 se dala zakr\u00fdt. Byli to takov\u00e9 koryta, kter\u00e1 ve v\u011bt\u0161in\u011b p\u0159\u00edpad\u016f byla zad\u011bl\u00e1na okny a to doslova. V\u011bt\u0161inou se zakr\u00fdvalo okny, co se po rekonstrukci vyhazovali, nebo u\u017e nebili k vyu\u017eit\u00ed. Tak se to jednodu\u0161e dalo na pa\u0159eni\u0161t\u011b a mohlo se s\u00e1zet o sto \u0161est. V dne\u0161n\u00ed dob\u011b u\u017e tuto mo\u017enost uvid\u00edte jen ojedin\u011ble a nikdo si na zahrad\u011b star\u00e1 okna nenech\u00e1v\u00e1. Ne\u0161lo ani o samotn\u00e9 r\u00e1my, jak o skla v oknech, kter\u00e1 byla jednoduch\u00e1, a slune\u010dn\u00ed paprsky p\u0159es n\u011b kr\u00e1sn\u011b proch\u00e1zeli.   Lid\u00e9 si dok\u00e1zali poradit, i kdy\u017e pa\u0159eni\u0161t\u011b neprod\u00e1vali. Ka\u017ed\u00fd si na zahrad\u011b ud\u011blat sv\u00e9 vlastn\u00ed. V dne\u0161n\u00ed dob\u011b koup\u00edte cokoli a stejn\u011b tak dob\u0159e, si m\u016f\u017eete koupit pa\u0159eni\u0161t\u011b, sklen\u00edk a dal\u0161\u00ed v\u011bci na s\u00e1zen\u00ed sazenic. N\u011bkter\u00e9 sazenice jsou p\u0159\u00edmo ur\u010deny do sklen\u00edk\u016f a m\u016f\u017eete je tak m\u00edt p\u0159es cel\u00e9 l\u00e9to ve sklen\u00edku a nep\u0159em\u00fd\u0161let kam je na zahrad\u011b um\u00edst\u00edte, kdy\u017e u\u017e m\u00e1te z\u00e1hony pln\u011b obsazen\u00e9. M\u016f\u017eete si vyp\u011bstovat sklen\u00edkov\u00e9 sazenice, kter\u00e9 nemus\u00edte p\u0159esouvat a rovnou si je ponech\u00e1te ve sklen\u00edku. Je to naprosto jednoduch\u00e1. Lid\u00e9 se sna\u017e\u00ed si pr\u00e1ci usnadnit, aby m\u011bli v\u00edce \u010dasu na jin\u00e9 v\u011bci. Dnes si m\u016f\u017eete vybrat z r\u016fzn\u00fdch sklen\u00edk\u016f.   M\u016f\u017eete m\u00edt zahradn\u00ed sklen\u00edk z polykarbon\u00e1tu, co\u017e je v dne\u0161n\u00ed dob\u011b, nejb\u011b\u017en\u011bji prod\u00e1van\u00fd sklen\u00edk. Je to levn\u00e1 alternativa, kter\u00fd nen\u00ed p\u0159\u00edli\u0161 pevn\u00e1 a mus\u00edte j\u00ed zpevnit po\u0159\u00e1dn\u00fdm z\u00e1kladem, jinak v\u00e1m bude cestovat, ale jinak spln\u00ed svou \u00falohu dostate\u010dn\u011b. Pro\u010d investovat do sklen\u00edku kter\u00fd v\u00e1s vyjde na pades\u00e1t tis\u00edc a ano bude velk\u00fd a kvalitn\u00ed, kdy\u017e v\u00e1m bohat\u011b posta\u010d\u00ed polykarbon\u00e1tov\u00fd. Sklen\u011bn\u00e9 sklen\u00edky na trhu najdete, ale u\u017e se p\u0159ev\u00e1\u017en\u011b moc ned\u011blaj\u00ed, nahradil ji jin\u00fd materi\u00e1l. M\u016f\u017eete tak v dne\u0161n\u00ed dob\u011b m\u00edt sklen\u00edk ka\u017ed\u00fd, jen se mus\u00edte dob\u0159e pod\u00edvat, co si v dne\u0161n\u00ed dob\u011b vlastn\u011b objedn\u00e1v\u00e1te, abyste m\u011bli opravdu v\u0161echno pot\u0159ebn\u00e9. N\u011bkter\u00e9 firmy v\u00e1m nab\u00eddnou mont\u00e1\u017e sklen\u00edku, kter\u00e1 nen\u00ed \u0161patn\u00e1, proto\u017ee jinak nad sklen\u00edkem m\u016f\u017eete str\u00e1vit klidn\u011b cel\u00fd den i v\u00edce podle velikosti sklen\u00edku.                                                                                                                                                                                                                                                                                                                                                                                                  "},{"@context":"https:\/\/schema.org\/","@type":"BreadcrumbList","itemListElement":[{"@type":"ListItem","position":1,"name":"M\u016f\u017ee m\u00edt sklen\u00edk ka\u017ed\u00fd","item":"https:\/\/www.amepo.cz\/muze-mit-sklenik-kazdy\/#breadcrumbitem"}]}]