[{"@context":"https:\/\/schema.org\/","@type":"Article","@id":"https:\/\/www.amepo.cz\/nedelejte-to-co-delate-neradi\/#Article","mainEntityOfPage":"https:\/\/www.amepo.cz\/nedelejte-to-co-delate-neradi\/","headline":"Ned\u011blejte to, co d\u011bl\u00e1te neradi","name":"Ned\u011blejte to, co d\u011bl\u00e1te neradi","description":"Pokud neradi tr\u00e1v\u00edte \u010das mezi reg\u00e1ly, p\u0159ehrabov\u00e1n\u00edm se v hromad\u00e1ch pestrobarevn\u00e9ho oble\u010den\u00ed a t\u00e1p\u00e1n\u00edm nad t\u00edm, zda ten \u010di onen kousek va\u0161em potomkovi padne anebo u\u017e ne, tak to prost\u011b ned\u011blejte. Pro\u010d byste m\u011bli d\u011blat n\u011bco, co v\u00e1s vlastn\u011b nebav\u00ed a jen to ukusuje v\u00e1\u0161 drahocenn\u00fd \u010das. Pokud trp\u00edte t\u00edm, \u017ee s sebou na n\u00e1kupy","datePublished":"2025-04-25","dateModified":"2025-04-25","author":{"@type":"Person","@id":"https:\/\/www.amepo.cz\/author\/#Person","name":"","url":"https:\/\/www.amepo.cz\/author\/","identifier":1,"image":{"@type":"ImageObject","@id":"https:\/\/secure.gravatar.com\/avatar\/cfe4dae5aaf43720425415780408681beb9b9a829e9a657295ed1cacce5febc2?s=96&d=mm&r=g","url":"https:\/\/secure.gravatar.com\/avatar\/cfe4dae5aaf43720425415780408681beb9b9a829e9a657295ed1cacce5febc2?s=96&d=mm&r=g","height":96,"width":96}},"publisher":{"@type":"Organization","name":"amepo.cz","logo":{"@type":"ImageObject","@id":"\/logo.png","url":"\/logo.png","width":600,"height":60}},"url":"https:\/\/www.amepo.cz\/nedelejte-to-co-delate-neradi\/","wordCount":204,"articleBody":"Pokud neradi tr\u00e1v\u00edte \u010das mezi reg\u00e1ly, p\u0159ehrabov\u00e1n\u00edm se v hromad\u00e1ch pestrobarevn\u00e9ho oble\u010den\u00ed a t\u00e1p\u00e1n\u00edm nad t\u00edm, zda ten \u010di onen kousek va\u0161em potomkovi padne anebo u\u017e ne, tak to prost\u011b ned\u011blejte. Pro\u010d byste m\u011bli d\u011blat n\u011bco, co v\u00e1s vlastn\u011b nebav\u00ed a jen to ukusuje v\u00e1\u0161 drahocenn\u00fd \u010das. Pokud trp\u00edte t\u00edm, \u017ee s sebou na n\u00e1kupy mus\u00edte br\u00e1t sv\u00e9 mal\u00e9 d\u00edt\u011b, kter\u00e9 v\u00e1m pak z n\u00e1kupu v kamenn\u00e9 prodejn\u011b d\u011bl\u00e1 sv\u00fdm chov\u00e1n\u00edm peklo, tak prost\u011b se sv\u00fdm d\u00edt\u011btem na n\u00e1kupy necho\u010fte. A pokud m\u00e1te pocit, \u017ee i kdy\u017e to zn\u00ed hezky, tak v\u00e1m nic jin\u00e9ho, ne\u017e takov\u00e9 tr\u00e1pen\u00ed s nakupov\u00e1n\u00edm s d\u011btmi nezb\u00fdv\u00e1, tak to se m\u00fdl\u00edte. Sta\u010d\u00ed se posadit doma k po\u010d\u00edta\u010di a nav\u0161t\u00edvit online d\u011btsk\u00fd second hand, kde m\u00e1te v\u0161e na dosah ruky. A m\u016f\u017eete si v\u0161e v klidu prohl\u00e9dnout a nakoupit sama a v pohod\u011b, t\u0159eba p\u0159i odpoledn\u00ed k\u00e1v\u011b, kdy\u017e d\u011bti sp\u00ed.                                                                                                                                                                                                                                                                                                                                                                                                "},{"@context":"https:\/\/schema.org\/","@type":"BreadcrumbList","itemListElement":[{"@type":"ListItem","position":1,"name":"Ned\u011blejte to, co d\u011bl\u00e1te neradi","item":"https:\/\/www.amepo.cz\/nedelejte-to-co-delate-neradi\/#breadcrumbitem"}]}]