[{"@context":"https:\/\/schema.org\/","@type":"Blog","@id":"https:\/\/www.amepo.cz#Blog","headline":"Amepo","description":"\nKa\u017ed\u00fd \u010dlov\u011bk m\u00e1 sv\u00e9 pot\u0159eby. A ten, kdo je m\u00e1, je mus\u00ed uspokojovat. A bez ohledu na to, jak na tom doty\u010dn\u00fd finan\u010dn\u011b je, je na na\u0161em webu na spr\u00e1vn\u00e9m m\u00edst\u011b.","url":"https:\/\/www.amepo.cz","hasPart":[{"@type":"Article","@id":"https:\/\/www.amepo.cz\/chytry-mobilni-telefon\/","headline":"Chytr\u00fd mobiln\u00ed telefon","url":"https:\/\/www.amepo.cz\/chytry-mobilni-telefon\/","datePublished":"2023-12-31","dateModified":"2023-12-31","mainEntityOfPage":"https:\/\/www.amepo.cz\/chytry-mobilni-telefon\/","author":{"@type":"Person","@id":"https:\/\/www.amepo.cz\/author\/#Person","name":"","url":"https:\/\/www.amepo.cz\/author\/","identifier":1,"image":{"@type":"ImageObject","@id":"https:\/\/secure.gravatar.com\/avatar\/cfe4dae5aaf43720425415780408681beb9b9a829e9a657295ed1cacce5febc2?s=96&d=mm&r=g","url":"https:\/\/secure.gravatar.com\/avatar\/cfe4dae5aaf43720425415780408681beb9b9a829e9a657295ed1cacce5febc2?s=96&d=mm&r=g","height":96,"width":96}},"publisher":{"@type":"Organization","name":"amepo.cz","logo":{"@type":"ImageObject","@id":"\/logo.png","url":"\/logo.png","width":600,"height":60}},"image":{"@type":"ImageObject","@id":"https:\/\/www.amepo.cz\/wp-content\/uploads\/iphone-651349_640_5.jpg","url":"https:\/\/www.amepo.cz\/wp-content\/uploads\/iphone-651349_640_5.jpg","height":0,"width":0},"wordCount":551,"keywords":null},{"@type":"Article","@id":"https:\/\/www.amepo.cz\/poker-a-sipky\/","headline":"Poker a \u0161ipky","url":"https:\/\/www.amepo.cz\/poker-a-sipky\/","datePublished":"2023-12-30","dateModified":"2023-12-30","mainEntityOfPage":"https:\/\/www.amepo.cz\/poker-a-sipky\/","author":{"@type":"Person","@id":"https:\/\/www.amepo.cz\/author\/#Person","name":"","url":"https:\/\/www.amepo.cz\/author\/","identifier":1,"image":{"@type":"ImageObject","@id":"https:\/\/secure.gravatar.com\/avatar\/cfe4dae5aaf43720425415780408681beb9b9a829e9a657295ed1cacce5febc2?s=96&d=mm&r=g","url":"https:\/\/secure.gravatar.com\/avatar\/cfe4dae5aaf43720425415780408681beb9b9a829e9a657295ed1cacce5febc2?s=96&d=mm&r=g","height":96,"width":96}},"publisher":{"@type":"Organization","name":"amepo.cz","logo":{"@type":"ImageObject","@id":"\/logo.png","url":"\/logo.png","width":600,"height":60}},"image":{"@type":"ImageObject","@id":"https:\/\/www.amepo.cz\/wp-content\/uploads\/cards-2617324_960_720.jpg","url":"https:\/\/www.amepo.cz\/wp-content\/uploads\/cards-2617324_960_720.jpg","height":0,"width":0},"wordCount":542,"keywords":null},{"@type":"Article","@id":"https:\/\/www.amepo.cz\/vyhradne-muzsky-konicek\/","headline":"V\u00fdhradn\u011b mu\u017esk\u00fd kon\u00ed\u010dek","url":"https:\/\/www.amepo.cz\/vyhradne-muzsky-konicek\/","datePublished":"2023-12-29","dateModified":"2023-12-29","mainEntityOfPage":"https:\/\/www.amepo.cz\/vyhradne-muzsky-konicek\/","author":{"@type":"Person","@id":"https:\/\/www.amepo.cz\/author\/#Person","name":"","url":"https:\/\/www.amepo.cz\/author\/","identifier":1,"image":{"@type":"ImageObject","@id":"https:\/\/secure.gravatar.com\/avatar\/cfe4dae5aaf43720425415780408681beb9b9a829e9a657295ed1cacce5febc2?s=96&d=mm&r=g","url":"https:\/\/secure.gravatar.com\/avatar\/cfe4dae5aaf43720425415780408681beb9b9a829e9a657295ed1cacce5febc2?s=96&d=mm&r=g","height":96,"width":96}},"publisher":{"@type":"Organization","name":"amepo.cz","logo":{"@type":"ImageObject","@id":"\/logo.png","url":"\/logo.png","width":600,"height":60}},"image":{"@type":"ImageObject","@id":"https:\/\/www.amepo.cz\/wp-content\/uploads\/black-forest-7597147_640.jpg","url":"https:\/\/www.amepo.cz\/wp-content\/uploads\/black-forest-7597147_640.jpg","height":0,"width":0},"wordCount":476,"keywords":null},{"@type":"Article","@id":"https:\/\/www.amepo.cz\/letni-zabava\/","headline":"Letn\u00ed z\u00e1bava","url":"https:\/\/www.amepo.cz\/letni-zabava\/","datePublished":"2023-12-29","dateModified":"2023-12-29","mainEntityOfPage":"https:\/\/www.amepo.cz\/letni-zabava\/","author":{"@type":"Person","@id":"https:\/\/www.amepo.cz\/author\/#Person","name":"","url":"https:\/\/www.amepo.cz\/author\/","identifier":1,"image":{"@type":"ImageObject","@id":"https:\/\/secure.gravatar.com\/avatar\/cfe4dae5aaf43720425415780408681beb9b9a829e9a657295ed1cacce5febc2?s=96&d=mm&r=g","url":"https:\/\/secure.gravatar.com\/avatar\/cfe4dae5aaf43720425415780408681beb9b9a829e9a657295ed1cacce5febc2?s=96&d=mm&r=g","height":96,"width":96}},"publisher":{"@type":"Organization","name":"amepo.cz","logo":{"@type":"ImageObject","@id":"\/logo.png","url":"\/logo.png","width":600,"height":60}},"image":{"@type":"ImageObject","@id":"https:\/\/www.amepo.cz\/wp-content\/uploads\/lie-883094_640_8.jpg","url":"https:\/\/www.amepo.cz\/wp-content\/uploads\/lie-883094_640_8.jpg","height":0,"width":0},"wordCount":543,"keywords":null},{"@type":"Article","@id":"https:\/\/www.amepo.cz\/novorocni-prani-zazene-vrasky-na-cele\/","headline":"Novoro\u010dn\u00ed p\u0159\u00e1n\u00ed za\u017eene vr\u00e1sky na \u010dele","url":"https:\/\/www.amepo.cz\/novorocni-prani-zazene-vrasky-na-cele\/","datePublished":"2023-12-26","dateModified":"2023-12-26","mainEntityOfPage":"https:\/\/www.amepo.cz\/novorocni-prani-zazene-vrasky-na-cele\/","author":{"@type":"Person","@id":"https:\/\/www.amepo.cz\/author\/#Person","name":"","url":"https:\/\/www.amepo.cz\/author\/","identifier":1,"image":{"@type":"ImageObject","@id":"https:\/\/secure.gravatar.com\/avatar\/cfe4dae5aaf43720425415780408681beb9b9a829e9a657295ed1cacce5febc2?s=96&d=mm&r=g","url":"https:\/\/secure.gravatar.com\/avatar\/cfe4dae5aaf43720425415780408681beb9b9a829e9a657295ed1cacce5febc2?s=96&d=mm&r=g","height":96,"width":96}},"publisher":{"@type":"Organization","name":"amepo.cz","logo":{"@type":"ImageObject","@id":"\/logo.png","url":"\/logo.png","width":600,"height":60}},"image":null,"wordCount":265,"keywords":null},{"@type":"Article","@id":"https:\/\/www.amepo.cz\/autobusem-do-italie\/","headline":"Autobusem do It\u00e1lie","url":"https:\/\/www.amepo.cz\/autobusem-do-italie\/","datePublished":"2023-12-25","dateModified":"2023-12-25","mainEntityOfPage":"https:\/\/www.amepo.cz\/autobusem-do-italie\/","author":{"@type":"Person","@id":"https:\/\/www.amepo.cz\/author\/#Person","name":"","url":"https:\/\/www.amepo.cz\/author\/","identifier":1,"image":{"@type":"ImageObject","@id":"https:\/\/secure.gravatar.com\/avatar\/cfe4dae5aaf43720425415780408681beb9b9a829e9a657295ed1cacce5febc2?s=96&d=mm&r=g","url":"https:\/\/secure.gravatar.com\/avatar\/cfe4dae5aaf43720425415780408681beb9b9a829e9a657295ed1cacce5febc2?s=96&d=mm&r=g","height":96,"width":96}},"publisher":{"@type":"Organization","name":"amepo.cz","logo":{"@type":"ImageObject","@id":"\/logo.png","url":"\/logo.png","width":600,"height":60}},"image":{"@type":"ImageObject","@id":"https:\/\/www.amepo.cz\/wp-content\/uploads\/autobus.png","url":"https:\/\/www.amepo.cz\/wp-content\/uploads\/autobus.png","height":0,"width":0},"wordCount":520,"keywords":null},{"@type":"Article","@id":"https:\/\/www.amepo.cz\/mobilni-telefon\/","headline":"Mobiln\u00ed telefon","url":"https:\/\/www.amepo.cz\/mobilni-telefon\/","datePublished":"2023-11-30","dateModified":"2023-11-30","mainEntityOfPage":"https:\/\/www.amepo.cz\/mobilni-telefon\/","author":{"@type":"Person","@id":"https:\/\/www.amepo.cz\/author\/#Person","name":"","url":"https:\/\/www.amepo.cz\/author\/","identifier":1,"image":{"@type":"ImageObject","@id":"https:\/\/secure.gravatar.com\/avatar\/cfe4dae5aaf43720425415780408681beb9b9a829e9a657295ed1cacce5febc2?s=96&d=mm&r=g","url":"https:\/\/secure.gravatar.com\/avatar\/cfe4dae5aaf43720425415780408681beb9b9a829e9a657295ed1cacce5febc2?s=96&d=mm&r=g","height":96,"width":96}},"publisher":{"@type":"Organization","name":"amepo.cz","logo":{"@type":"ImageObject","@id":"\/logo.png","url":"\/logo.png","width":600,"height":60}},"image":{"@type":"ImageObject","@id":"https:\/\/www.amepo.cz\/wp-content\/uploads\/mobile-phone-5131883_960_720.jpg","url":"https:\/\/www.amepo.cz\/wp-content\/uploads\/mobile-phone-5131883_960_720.jpg","height":0,"width":0},"wordCount":516,"keywords":null},{"@type":"Article","@id":"https:\/\/www.amepo.cz\/originalni-a-jedinecne-bloky-a-diare\/","headline":"Origin\u00e1ln\u00ed a jedine\u010dn\u00e9 bloky a di\u00e1\u0159e","url":"https:\/\/www.amepo.cz\/originalni-a-jedinecne-bloky-a-diare\/","datePublished":"2023-11-19","dateModified":"2023-11-19","mainEntityOfPage":"https:\/\/www.amepo.cz\/originalni-a-jedinecne-bloky-a-diare\/","author":{"@type":"Person","@id":"https:\/\/www.amepo.cz\/author\/#Person","name":"","url":"https:\/\/www.amepo.cz\/author\/","identifier":1,"image":{"@type":"ImageObject","@id":"https:\/\/secure.gravatar.com\/avatar\/cfe4dae5aaf43720425415780408681beb9b9a829e9a657295ed1cacce5febc2?s=96&d=mm&r=g","url":"https:\/\/secure.gravatar.com\/avatar\/cfe4dae5aaf43720425415780408681beb9b9a829e9a657295ed1cacce5febc2?s=96&d=mm&r=g","height":96,"width":96}},"publisher":{"@type":"Organization","name":"amepo.cz","logo":{"@type":"ImageObject","@id":"\/logo.png","url":"\/logo.png","width":600,"height":60}},"image":null,"wordCount":286,"keywords":null},{"@type":"Article","@id":"https:\/\/www.amepo.cz\/kdyz-se-muz-citi-byt-ohrozen-jinymi-muzi\/","headline":"Kdy\u017e se mu\u017e c\u00edt\u00ed b\u00fdt ohro\u017een jin\u00fdmi mu\u017ei","url":"https:\/\/www.amepo.cz\/kdyz-se-muz-citi-byt-ohrozen-jinymi-muzi\/","datePublished":"2023-11-11","dateModified":"2023-11-11","mainEntityOfPage":"https:\/\/www.amepo.cz\/kdyz-se-muz-citi-byt-ohrozen-jinymi-muzi\/","author":{"@type":"Person","@id":"https:\/\/www.amepo.cz\/author\/#Person","name":"","url":"https:\/\/www.amepo.cz\/author\/","identifier":1,"image":{"@type":"ImageObject","@id":"https:\/\/secure.gravatar.com\/avatar\/cfe4dae5aaf43720425415780408681beb9b9a829e9a657295ed1cacce5febc2?s=96&d=mm&r=g","url":"https:\/\/secure.gravatar.com\/avatar\/cfe4dae5aaf43720425415780408681beb9b9a829e9a657295ed1cacce5febc2?s=96&d=mm&r=g","height":96,"width":96}},"publisher":{"@type":"Organization","name":"amepo.cz","logo":{"@type":"ImageObject","@id":"\/logo.png","url":"\/logo.png","width":600,"height":60}},"image":{"@type":"ImageObject","@id":"https:\/\/www.amepo.cz\/wp-content\/uploads\/love-2587456_640_3.jpg","url":"https:\/\/www.amepo.cz\/wp-content\/uploads\/love-2587456_640_3.jpg","height":0,"width":0},"wordCount":558,"keywords":null},{"@type":"Article","@id":"https:\/\/www.amepo.cz\/oblibeny-basketbal\/","headline":"Obl\u00edben\u00fd basketbal","url":"https:\/\/www.amepo.cz\/oblibeny-basketbal\/","datePublished":"2023-11-08","dateModified":"2023-11-08","mainEntityOfPage":"https:\/\/www.amepo.cz\/oblibeny-basketbal\/","author":{"@type":"Person","@id":"https:\/\/www.amepo.cz\/author\/#Person","name":"","url":"https:\/\/www.amepo.cz\/author\/","identifier":1,"image":{"@type":"ImageObject","@id":"https:\/\/secure.gravatar.com\/avatar\/cfe4dae5aaf43720425415780408681beb9b9a829e9a657295ed1cacce5febc2?s=96&d=mm&r=g","url":"https:\/\/secure.gravatar.com\/avatar\/cfe4dae5aaf43720425415780408681beb9b9a829e9a657295ed1cacce5febc2?s=96&d=mm&r=g","height":96,"width":96}},"publisher":{"@type":"Organization","name":"amepo.cz","logo":{"@type":"ImageObject","@id":"\/logo.png","url":"\/logo.png","width":600,"height":60}},"image":{"@type":"ImageObject","@id":"https:\/\/www.amepo.cz\/wp-content\/uploads\/basketball-2258650_960_720_2.jpg","url":"https:\/\/www.amepo.cz\/wp-content\/uploads\/basketball-2258650_960_720_2.jpg","height":0,"width":0},"wordCount":518,"keywords":null}]},{"@context":"https:\/\/schema.org","@type":"WebSite","@id":"https:\/\/www.amepo.cz\/#website","name":"Amepo","url":"https:\/\/www.amepo.cz","potentialAction":{"@type":"SearchAction","target":"https:\/\/www.amepo.cz\/?s={search_term_string}","query-input":"required name=search_term_string"}}]