[{"@context":"https:\/\/schema.org\/","@type":"Blog","@id":"https:\/\/www.amepo.cz#Blog","headline":"Amepo","description":"\nKa\u017ed\u00fd \u010dlov\u011bk m\u00e1 sv\u00e9 pot\u0159eby. A ten, kdo je m\u00e1, je mus\u00ed uspokojovat. A bez ohledu na to, jak na tom doty\u010dn\u00fd finan\u010dn\u011b je, je na na\u0161em webu na spr\u00e1vn\u00e9m m\u00edst\u011b.","url":"https:\/\/www.amepo.cz","hasPart":[{"@type":"Article","@id":"https:\/\/www.amepo.cz\/proc-je-osobni-automobilova-doprava-takovym-problemem\/","headline":"Pro\u010d je osobn\u00ed automobilov\u00e1 doprava takov\u00fdm probl\u00e9mem","url":"https:\/\/www.amepo.cz\/proc-je-osobni-automobilova-doprava-takovym-problemem\/","datePublished":"2023-07-25","dateModified":"2024-06-26","mainEntityOfPage":"https:\/\/www.amepo.cz\/proc-je-osobni-automobilova-doprava-takovym-problemem\/","author":{"@type":"Person","@id":"https:\/\/www.amepo.cz\/author\/#Person","name":"","url":"https:\/\/www.amepo.cz\/author\/","identifier":1,"image":{"@type":"ImageObject","@id":"https:\/\/secure.gravatar.com\/avatar\/cfe4dae5aaf43720425415780408681beb9b9a829e9a657295ed1cacce5febc2?s=96&d=mm&r=g","url":"https:\/\/secure.gravatar.com\/avatar\/cfe4dae5aaf43720425415780408681beb9b9a829e9a657295ed1cacce5febc2?s=96&d=mm&r=g","height":96,"width":96}},"publisher":{"@type":"Organization","name":"amepo.cz","logo":{"@type":"ImageObject","@id":"\/logo.png","url":"\/logo.png","width":600,"height":60}},"image":{"@type":"ImageObject","@id":"https:\/\/www.amepo.cz\/wp-content\/uploads\/auto26_10_8.jpg","url":"https:\/\/www.amepo.cz\/wp-content\/uploads\/auto26_10_8.jpg","height":0,"width":0},"wordCount":572,"keywords":null},{"@type":"Article","@id":"https:\/\/www.amepo.cz\/vykonnost-je-dulezita\/","headline":"V\u00fdkonnost je d\u016fle\u017eit\u00e1","url":"https:\/\/www.amepo.cz\/vykonnost-je-dulezita\/","datePublished":"2023-06-30","dateModified":"2024-07-03","mainEntityOfPage":"https:\/\/www.amepo.cz\/vykonnost-je-dulezita\/","author":{"@type":"Person","@id":"https:\/\/www.amepo.cz\/author\/#Person","name":"","url":"https:\/\/www.amepo.cz\/author\/","identifier":1,"image":{"@type":"ImageObject","@id":"https:\/\/secure.gravatar.com\/avatar\/cfe4dae5aaf43720425415780408681beb9b9a829e9a657295ed1cacce5febc2?s=96&d=mm&r=g","url":"https:\/\/secure.gravatar.com\/avatar\/cfe4dae5aaf43720425415780408681beb9b9a829e9a657295ed1cacce5febc2?s=96&d=mm&r=g","height":96,"width":96}},"publisher":{"@type":"Organization","name":"amepo.cz","logo":{"@type":"ImageObject","@id":"\/logo.png","url":"\/logo.png","width":600,"height":60}},"image":null,"wordCount":285,"keywords":null},{"@type":"Article","@id":"https:\/\/www.amepo.cz\/laska-muze-pominout\/","headline":"L\u00e1ska m\u016f\u017ee pominout","url":"https:\/\/www.amepo.cz\/laska-muze-pominout\/","datePublished":"2023-06-28","dateModified":"2024-06-04","mainEntityOfPage":"https:\/\/www.amepo.cz\/laska-muze-pominout\/","author":{"@type":"Person","@id":"https:\/\/www.amepo.cz\/author\/#Person","name":"","url":"https:\/\/www.amepo.cz\/author\/","identifier":1,"image":{"@type":"ImageObject","@id":"https:\/\/secure.gravatar.com\/avatar\/cfe4dae5aaf43720425415780408681beb9b9a829e9a657295ed1cacce5febc2?s=96&d=mm&r=g","url":"https:\/\/secure.gravatar.com\/avatar\/cfe4dae5aaf43720425415780408681beb9b9a829e9a657295ed1cacce5febc2?s=96&d=mm&r=g","height":96,"width":96}},"publisher":{"@type":"Organization","name":"amepo.cz","logo":{"@type":"ImageObject","@id":"\/logo.png","url":"\/logo.png","width":600,"height":60}},"image":{"@type":"ImageObject","@id":"https:\/\/www.amepo.cz\/wp-content\/uploads\/heart-762564_640_5.jpg","url":"https:\/\/www.amepo.cz\/wp-content\/uploads\/heart-762564_640_5.jpg","height":0,"width":0},"wordCount":536,"keywords":null},{"@type":"Article","@id":"https:\/\/www.amepo.cz\/hracky-dnes-a-drive\/","headline":"Hra\u010dky dnes a d\u0159\u00edve","url":"https:\/\/www.amepo.cz\/hracky-dnes-a-drive\/","datePublished":"2023-06-22","dateModified":"2024-05-24","mainEntityOfPage":"https:\/\/www.amepo.cz\/hracky-dnes-a-drive\/","author":{"@type":"Person","@id":"https:\/\/www.amepo.cz\/author\/#Person","name":"","url":"https:\/\/www.amepo.cz\/author\/","identifier":1,"image":{"@type":"ImageObject","@id":"https:\/\/secure.gravatar.com\/avatar\/cfe4dae5aaf43720425415780408681beb9b9a829e9a657295ed1cacce5febc2?s=96&d=mm&r=g","url":"https:\/\/secure.gravatar.com\/avatar\/cfe4dae5aaf43720425415780408681beb9b9a829e9a657295ed1cacce5febc2?s=96&d=mm&r=g","height":96,"width":96}},"publisher":{"@type":"Organization","name":"amepo.cz","logo":{"@type":"ImageObject","@id":"\/logo.png","url":"\/logo.png","width":600,"height":60}},"image":{"@type":"ImageObject","@id":"https:\/\/www.amepo.cz\/wp-content\/uploads\/toy-car-431356_1280.jpg","url":"https:\/\/www.amepo.cz\/wp-content\/uploads\/toy-car-431356_1280.jpg","height":0,"width":0},"wordCount":545,"keywords":null},{"@type":"Article","@id":"https:\/\/www.amepo.cz\/cinske-mince-pro-stesti\/","headline":"\u010c\u00ednsk\u00e9 mince pro \u0161t\u011bst\u00ed","url":"https:\/\/www.amepo.cz\/cinske-mince-pro-stesti\/","datePublished":"2023-05-31","dateModified":"2024-06-04","mainEntityOfPage":"https:\/\/www.amepo.cz\/cinske-mince-pro-stesti\/","author":{"@type":"Person","@id":"https:\/\/www.amepo.cz\/author\/#Person","name":"","url":"https:\/\/www.amepo.cz\/author\/","identifier":1,"image":{"@type":"ImageObject","@id":"https:\/\/secure.gravatar.com\/avatar\/cfe4dae5aaf43720425415780408681beb9b9a829e9a657295ed1cacce5febc2?s=96&d=mm&r=g","url":"https:\/\/secure.gravatar.com\/avatar\/cfe4dae5aaf43720425415780408681beb9b9a829e9a657295ed1cacce5febc2?s=96&d=mm&r=g","height":96,"width":96}},"publisher":{"@type":"Organization","name":"amepo.cz","logo":{"@type":"ImageObject","@id":"\/logo.png","url":"\/logo.png","width":600,"height":60}},"image":null,"wordCount":287,"keywords":null},{"@type":"Article","@id":"https:\/\/www.amepo.cz\/cestovani-bude-vzdy-prijemne\/","headline":"Cestov\u00e1n\u00ed bude v\u017edy p\u0159\u00edjemn\u00e9","url":"https:\/\/www.amepo.cz\/cestovani-bude-vzdy-prijemne\/","datePublished":"2023-05-31","dateModified":"2024-06-04","mainEntityOfPage":"https:\/\/www.amepo.cz\/cestovani-bude-vzdy-prijemne\/","author":{"@type":"Person","@id":"https:\/\/www.amepo.cz\/author\/#Person","name":"","url":"https:\/\/www.amepo.cz\/author\/","identifier":1,"image":{"@type":"ImageObject","@id":"https:\/\/secure.gravatar.com\/avatar\/cfe4dae5aaf43720425415780408681beb9b9a829e9a657295ed1cacce5febc2?s=96&d=mm&r=g","url":"https:\/\/secure.gravatar.com\/avatar\/cfe4dae5aaf43720425415780408681beb9b9a829e9a657295ed1cacce5febc2?s=96&d=mm&r=g","height":96,"width":96}},"publisher":{"@type":"Organization","name":"amepo.cz","logo":{"@type":"ImageObject","@id":"\/logo.png","url":"\/logo.png","width":600,"height":60}},"image":null,"wordCount":279,"keywords":null},{"@type":"Article","@id":"https:\/\/www.amepo.cz\/clovek-na-vsechno-sam-nestaci\/","headline":"\u010clov\u011bk na v\u0161echno s\u00e1m nesta\u010d\u00ed","url":"https:\/\/www.amepo.cz\/clovek-na-vsechno-sam-nestaci\/","datePublished":"2023-05-26","dateModified":"2024-06-04","mainEntityOfPage":"https:\/\/www.amepo.cz\/clovek-na-vsechno-sam-nestaci\/","author":{"@type":"Person","@id":"https:\/\/www.amepo.cz\/author\/#Person","name":"","url":"https:\/\/www.amepo.cz\/author\/","identifier":1,"image":{"@type":"ImageObject","@id":"https:\/\/secure.gravatar.com\/avatar\/cfe4dae5aaf43720425415780408681beb9b9a829e9a657295ed1cacce5febc2?s=96&d=mm&r=g","url":"https:\/\/secure.gravatar.com\/avatar\/cfe4dae5aaf43720425415780408681beb9b9a829e9a657295ed1cacce5febc2?s=96&d=mm&r=g","height":96,"width":96}},"publisher":{"@type":"Organization","name":"amepo.cz","logo":{"@type":"ImageObject","@id":"\/logo.png","url":"\/logo.png","width":600,"height":60}},"image":null,"wordCount":262,"keywords":null},{"@type":"Article","@id":"https:\/\/www.amepo.cz\/zabavne-predstaveni\/","headline":"Z\u00e1bavn\u00e9 p\u0159edstaven\u00ed","url":"https:\/\/www.amepo.cz\/zabavne-predstaveni\/","datePublished":"2023-05-25","dateModified":"2024-06-04","mainEntityOfPage":"https:\/\/www.amepo.cz\/zabavne-predstaveni\/","author":{"@type":"Person","@id":"https:\/\/www.amepo.cz\/author\/#Person","name":"","url":"https:\/\/www.amepo.cz\/author\/","identifier":1,"image":{"@type":"ImageObject","@id":"https:\/\/secure.gravatar.com\/avatar\/cfe4dae5aaf43720425415780408681beb9b9a829e9a657295ed1cacce5febc2?s=96&d=mm&r=g","url":"https:\/\/secure.gravatar.com\/avatar\/cfe4dae5aaf43720425415780408681beb9b9a829e9a657295ed1cacce5febc2?s=96&d=mm&r=g","height":96,"width":96}},"publisher":{"@type":"Organization","name":"amepo.cz","logo":{"@type":"ImageObject","@id":"\/logo.png","url":"\/logo.png","width":600,"height":60}},"image":null,"wordCount":262,"keywords":null},{"@type":"Article","@id":"https:\/\/www.amepo.cz\/moderni-technologie-pro-vase-vozidlo\/","headline":"Modern\u00ed technologie pro va\u0161e vozidlo","url":"https:\/\/www.amepo.cz\/moderni-technologie-pro-vase-vozidlo\/","datePublished":"2023-05-24","dateModified":"2024-05-27","mainEntityOfPage":"https:\/\/www.amepo.cz\/moderni-technologie-pro-vase-vozidlo\/","author":{"@type":"Person","@id":"https:\/\/www.amepo.cz\/author\/#Person","name":"","url":"https:\/\/www.amepo.cz\/author\/","identifier":1,"image":{"@type":"ImageObject","@id":"https:\/\/secure.gravatar.com\/avatar\/cfe4dae5aaf43720425415780408681beb9b9a829e9a657295ed1cacce5febc2?s=96&d=mm&r=g","url":"https:\/\/secure.gravatar.com\/avatar\/cfe4dae5aaf43720425415780408681beb9b9a829e9a657295ed1cacce5febc2?s=96&d=mm&r=g","height":96,"width":96}},"publisher":{"@type":"Organization","name":"amepo.cz","logo":{"@type":"ImageObject","@id":"\/logo.png","url":"\/logo.png","width":600,"height":60}},"image":null,"wordCount":266,"keywords":null},{"@type":"Article","@id":"https:\/\/www.amepo.cz\/s-nasi-kosmetikou-do-sauny-budete-spokojeni\/","headline":"S na\u0161\u00ed kosmetikou do sauny budete spokojen\u00ed","url":"https:\/\/www.amepo.cz\/s-nasi-kosmetikou-do-sauny-budete-spokojeni\/","datePublished":"2023-05-22","dateModified":"2024-05-25","mainEntityOfPage":"https:\/\/www.amepo.cz\/s-nasi-kosmetikou-do-sauny-budete-spokojeni\/","author":{"@type":"Person","@id":"https:\/\/www.amepo.cz\/author\/#Person","name":"","url":"https:\/\/www.amepo.cz\/author\/","identifier":1,"image":{"@type":"ImageObject","@id":"https:\/\/secure.gravatar.com\/avatar\/cfe4dae5aaf43720425415780408681beb9b9a829e9a657295ed1cacce5febc2?s=96&d=mm&r=g","url":"https:\/\/secure.gravatar.com\/avatar\/cfe4dae5aaf43720425415780408681beb9b9a829e9a657295ed1cacce5febc2?s=96&d=mm&r=g","height":96,"width":96}},"publisher":{"@type":"Organization","name":"amepo.cz","logo":{"@type":"ImageObject","@id":"\/logo.png","url":"\/logo.png","width":600,"height":60}},"image":null,"wordCount":277,"keywords":null}]},{"@context":"https:\/\/schema.org","@type":"WebSite","@id":"https:\/\/www.amepo.cz\/#website","name":"Amepo","url":"https:\/\/www.amepo.cz","potentialAction":{"@type":"SearchAction","target":"https:\/\/www.amepo.cz\/?s={search_term_string}","query-input":"required name=search_term_string"}}]