[{"@context":"https:\/\/schema.org\/","@type":"Blog","@id":"https:\/\/www.amepo.cz#Blog","headline":"Amepo","description":"\nKa\u017ed\u00fd \u010dlov\u011bk m\u00e1 sv\u00e9 pot\u0159eby. A ten, kdo je m\u00e1, je mus\u00ed uspokojovat. A bez ohledu na to, jak na tom doty\u010dn\u00fd finan\u010dn\u011b je, je na na\u0161em webu na spr\u00e1vn\u00e9m m\u00edst\u011b.","url":"https:\/\/www.amepo.cz","hasPart":[{"@type":"Article","@id":"https:\/\/www.amepo.cz\/jakou-chcete-strechu\/","headline":"Jakou chcete st\u0159echu?","url":"https:\/\/www.amepo.cz\/jakou-chcete-strechu\/","datePublished":"2024-09-16","dateModified":"2024-09-16","mainEntityOfPage":"https:\/\/www.amepo.cz\/jakou-chcete-strechu\/","author":{"@type":"Person","@id":"https:\/\/www.amepo.cz\/author\/#Person","name":"","url":"https:\/\/www.amepo.cz\/author\/","identifier":1,"image":{"@type":"ImageObject","@id":"https:\/\/secure.gravatar.com\/avatar\/cfe4dae5aaf43720425415780408681beb9b9a829e9a657295ed1cacce5febc2?s=96&d=mm&r=g","url":"https:\/\/secure.gravatar.com\/avatar\/cfe4dae5aaf43720425415780408681beb9b9a829e9a657295ed1cacce5febc2?s=96&d=mm&r=g","height":96,"width":96}},"publisher":{"@type":"Organization","name":"amepo.cz","logo":{"@type":"ImageObject","@id":"\/logo.png","url":"\/logo.png","width":600,"height":60}},"image":{"@type":"ImageObject","@id":"https:\/\/www.amepo.cz\/wp-content\/uploads\/bungalow-20544_640_10_10_10_10_10_10_10_10_10_10_10_10_10_8.jpg","url":"https:\/\/www.amepo.cz\/wp-content\/uploads\/bungalow-20544_640_10_10_10_10_10_10_10_10_10_10_10_10_10_8.jpg","height":0,"width":0},"wordCount":536,"keywords":null},{"@type":"Article","@id":"https:\/\/www.amepo.cz\/jak-se-dela-kuchyne\/","headline":"Jak se d\u011bl\u00e1 kuchyn\u011b","url":"https:\/\/www.amepo.cz\/jak-se-dela-kuchyne\/","datePublished":"2024-09-15","dateModified":"2024-09-15","mainEntityOfPage":"https:\/\/www.amepo.cz\/jak-se-dela-kuchyne\/","author":{"@type":"Person","@id":"https:\/\/www.amepo.cz\/author\/#Person","name":"","url":"https:\/\/www.amepo.cz\/author\/","identifier":1,"image":{"@type":"ImageObject","@id":"https:\/\/secure.gravatar.com\/avatar\/cfe4dae5aaf43720425415780408681beb9b9a829e9a657295ed1cacce5febc2?s=96&d=mm&r=g","url":"https:\/\/secure.gravatar.com\/avatar\/cfe4dae5aaf43720425415780408681beb9b9a829e9a657295ed1cacce5febc2?s=96&d=mm&r=g","height":96,"width":96}},"publisher":{"@type":"Organization","name":"amepo.cz","logo":{"@type":"ImageObject","@id":"\/logo.png","url":"\/logo.png","width":600,"height":60}},"image":{"@type":"ImageObject","@id":"https:\/\/www.amepo.cz\/wp-content\/uploads\/pexels-valebocchi-28055253.jpg","url":"https:\/\/www.amepo.cz\/wp-content\/uploads\/pexels-valebocchi-28055253.jpg","height":0,"width":0},"wordCount":511,"keywords":null},{"@type":"Article","@id":"https:\/\/www.amepo.cz\/auto-na-leasing-je-pro-mnoho-podnikatelu-klicove\/","headline":"Auto na leasing je pro mnoho podnikatel\u016f kl\u00ed\u010dov\u00e9","url":"https:\/\/www.amepo.cz\/auto-na-leasing-je-pro-mnoho-podnikatelu-klicove\/","datePublished":"2024-09-14","dateModified":"2024-09-14","mainEntityOfPage":"https:\/\/www.amepo.cz\/auto-na-leasing-je-pro-mnoho-podnikatelu-klicove\/","author":{"@type":"Person","@id":"https:\/\/www.amepo.cz\/author\/#Person","name":"","url":"https:\/\/www.amepo.cz\/author\/","identifier":1,"image":{"@type":"ImageObject","@id":"https:\/\/secure.gravatar.com\/avatar\/cfe4dae5aaf43720425415780408681beb9b9a829e9a657295ed1cacce5febc2?s=96&d=mm&r=g","url":"https:\/\/secure.gravatar.com\/avatar\/cfe4dae5aaf43720425415780408681beb9b9a829e9a657295ed1cacce5febc2?s=96&d=mm&r=g","height":96,"width":96}},"publisher":{"@type":"Organization","name":"amepo.cz","logo":{"@type":"ImageObject","@id":"\/logo.png","url":"\/logo.png","width":600,"height":60}},"image":{"@type":"ImageObject","@id":"https:\/\/www.amepo.cz\/wp-content\/uploads\/hand-2906456_640.jpg","url":"https:\/\/www.amepo.cz\/wp-content\/uploads\/hand-2906456_640.jpg","height":0,"width":0},"wordCount":588,"keywords":null},{"@type":"Article","@id":"https:\/\/www.amepo.cz\/jak-se-informace-o-podlahovem-topeni-siri-mezi-lidmi\/","headline":"Jak se informace o podlahov\u00e9m topen\u00ed \u0161\u00ed\u0159\u00ed mezi lidmi","url":"https:\/\/www.amepo.cz\/jak-se-informace-o-podlahovem-topeni-siri-mezi-lidmi\/","datePublished":"2024-09-14","dateModified":"2024-09-14","mainEntityOfPage":"https:\/\/www.amepo.cz\/jak-se-informace-o-podlahovem-topeni-siri-mezi-lidmi\/","author":{"@type":"Person","@id":"https:\/\/www.amepo.cz\/author\/#Person","name":"","url":"https:\/\/www.amepo.cz\/author\/","identifier":1,"image":{"@type":"ImageObject","@id":"https:\/\/secure.gravatar.com\/avatar\/cfe4dae5aaf43720425415780408681beb9b9a829e9a657295ed1cacce5febc2?s=96&d=mm&r=g","url":"https:\/\/secure.gravatar.com\/avatar\/cfe4dae5aaf43720425415780408681beb9b9a829e9a657295ed1cacce5febc2?s=96&d=mm&r=g","height":96,"width":96}},"publisher":{"@type":"Organization","name":"amepo.cz","logo":{"@type":"ImageObject","@id":"\/logo.png","url":"\/logo.png","width":600,"height":60}},"image":{"@type":"ImageObject","@id":"https:\/\/www.amepo.cz\/wp-content\/uploads\/tablet-2471184_640_10_10_1.jpg","url":"https:\/\/www.amepo.cz\/wp-content\/uploads\/tablet-2471184_640_10_10_1.jpg","height":0,"width":0},"wordCount":594,"keywords":null},{"@type":"Article","@id":"https:\/\/www.amepo.cz\/reklamni-predmety-a-jejich-vyuziti\/","headline":"Reklamn\u00ed p\u0159edm\u011bty a jejich vyu\u017eit\u00ed","url":"https:\/\/www.amepo.cz\/reklamni-predmety-a-jejich-vyuziti\/","datePublished":"2024-09-14","dateModified":"2024-09-14","mainEntityOfPage":"https:\/\/www.amepo.cz\/reklamni-predmety-a-jejich-vyuziti\/","author":{"@type":"Person","@id":"https:\/\/www.amepo.cz\/author\/#Person","name":"","url":"https:\/\/www.amepo.cz\/author\/","identifier":1,"image":{"@type":"ImageObject","@id":"https:\/\/secure.gravatar.com\/avatar\/cfe4dae5aaf43720425415780408681beb9b9a829e9a657295ed1cacce5febc2?s=96&d=mm&r=g","url":"https:\/\/secure.gravatar.com\/avatar\/cfe4dae5aaf43720425415780408681beb9b9a829e9a657295ed1cacce5febc2?s=96&d=mm&r=g","height":96,"width":96}},"publisher":{"@type":"Organization","name":"amepo.cz","logo":{"@type":"ImageObject","@id":"\/logo.png","url":"\/logo.png","width":600,"height":60}},"image":{"@type":"ImageObject","@id":"https:\/\/www.amepo.cz\/wp-content\/uploads\/notebook-2698021_640_5.jpg","url":"https:\/\/www.amepo.cz\/wp-content\/uploads\/notebook-2698021_640_5.jpg","height":0,"width":0},"wordCount":557,"keywords":null},{"@type":"Article","@id":"https:\/\/www.amepo.cz\/automobilova-doprava\/","headline":"Automobilov\u00e1 doprava","url":"https:\/\/www.amepo.cz\/automobilova-doprava\/","datePublished":"2024-09-11","dateModified":"2024-09-11","mainEntityOfPage":"https:\/\/www.amepo.cz\/automobilova-doprava\/","author":{"@type":"Person","@id":"https:\/\/www.amepo.cz\/author\/#Person","name":"","url":"https:\/\/www.amepo.cz\/author\/","identifier":1,"image":{"@type":"ImageObject","@id":"https:\/\/secure.gravatar.com\/avatar\/cfe4dae5aaf43720425415780408681beb9b9a829e9a657295ed1cacce5febc2?s=96&d=mm&r=g","url":"https:\/\/secure.gravatar.com\/avatar\/cfe4dae5aaf43720425415780408681beb9b9a829e9a657295ed1cacce5febc2?s=96&d=mm&r=g","height":96,"width":96}},"publisher":{"@type":"Organization","name":"amepo.cz","logo":{"@type":"ImageObject","@id":"\/logo.png","url":"\/logo.png","width":600,"height":60}},"image":{"@type":"ImageObject","@id":"https:\/\/www.amepo.cz\/wp-content\/uploads\/auto%C5%A1kola_10.jpg","url":"https:\/\/www.amepo.cz\/wp-content\/uploads\/auto%C5%A1kola_10.jpg","height":0,"width":0},"wordCount":535,"keywords":null},{"@type":"Article","@id":"https:\/\/www.amepo.cz\/leseni-si-nechte-postavit-od-odborniku\/","headline":"Le\u0161en\u00ed si nechte postavit od odborn\u00edk\u016f","url":"https:\/\/www.amepo.cz\/leseni-si-nechte-postavit-od-odborniku\/","datePublished":"2024-09-11","dateModified":"2024-09-11","mainEntityOfPage":"https:\/\/www.amepo.cz\/leseni-si-nechte-postavit-od-odborniku\/","author":{"@type":"Person","@id":"https:\/\/www.amepo.cz\/author\/#Person","name":"","url":"https:\/\/www.amepo.cz\/author\/","identifier":1,"image":{"@type":"ImageObject","@id":"https:\/\/secure.gravatar.com\/avatar\/cfe4dae5aaf43720425415780408681beb9b9a829e9a657295ed1cacce5febc2?s=96&d=mm&r=g","url":"https:\/\/secure.gravatar.com\/avatar\/cfe4dae5aaf43720425415780408681beb9b9a829e9a657295ed1cacce5febc2?s=96&d=mm&r=g","height":96,"width":96}},"publisher":{"@type":"Organization","name":"amepo.cz","logo":{"@type":"ImageObject","@id":"\/logo.png","url":"\/logo.png","width":600,"height":60}},"image":{"@type":"ImageObject","@id":"https:\/\/www.amepo.cz\/wp-content\/uploads\/housebuilding-1407462_640_3.jpg","url":"https:\/\/www.amepo.cz\/wp-content\/uploads\/housebuilding-1407462_640_3.jpg","height":0,"width":0},"wordCount":621,"keywords":null},{"@type":"Article","@id":"https:\/\/www.amepo.cz\/vozidla-na-elektrinu\/","headline":"Vozidla na elekt\u0159inu","url":"https:\/\/www.amepo.cz\/vozidla-na-elektrinu\/","datePublished":"2024-09-02","dateModified":"2024-09-02","mainEntityOfPage":"https:\/\/www.amepo.cz\/vozidla-na-elektrinu\/","author":{"@type":"Person","@id":"https:\/\/www.amepo.cz\/author\/#Person","name":"","url":"https:\/\/www.amepo.cz\/author\/","identifier":1,"image":{"@type":"ImageObject","@id":"https:\/\/secure.gravatar.com\/avatar\/cfe4dae5aaf43720425415780408681beb9b9a829e9a657295ed1cacce5febc2?s=96&d=mm&r=g","url":"https:\/\/secure.gravatar.com\/avatar\/cfe4dae5aaf43720425415780408681beb9b9a829e9a657295ed1cacce5febc2?s=96&d=mm&r=g","height":96,"width":96}},"publisher":{"@type":"Organization","name":"amepo.cz","logo":{"@type":"ImageObject","@id":"\/logo.png","url":"\/logo.png","width":600,"height":60}},"image":{"@type":"ImageObject","@id":"https:\/\/www.amepo.cz\/wp-content\/uploads\/car-3117778_640.jpg","url":"https:\/\/www.amepo.cz\/wp-content\/uploads\/car-3117778_640.jpg","height":0,"width":0},"wordCount":565,"keywords":null},{"@type":"Article","@id":"https:\/\/www.amepo.cz\/bolestiva-laska\/","headline":"Bolestiv\u00e1 l\u00e1ska","url":"https:\/\/www.amepo.cz\/bolestiva-laska\/","datePublished":"2024-08-31","dateModified":"2024-08-31","mainEntityOfPage":"https:\/\/www.amepo.cz\/bolestiva-laska\/","author":{"@type":"Person","@id":"https:\/\/www.amepo.cz\/author\/#Person","name":"","url":"https:\/\/www.amepo.cz\/author\/","identifier":1,"image":{"@type":"ImageObject","@id":"https:\/\/secure.gravatar.com\/avatar\/cfe4dae5aaf43720425415780408681beb9b9a829e9a657295ed1cacce5febc2?s=96&d=mm&r=g","url":"https:\/\/secure.gravatar.com\/avatar\/cfe4dae5aaf43720425415780408681beb9b9a829e9a657295ed1cacce5febc2?s=96&d=mm&r=g","height":96,"width":96}},"publisher":{"@type":"Organization","name":"amepo.cz","logo":{"@type":"ImageObject","@id":"\/logo.png","url":"\/logo.png","width":600,"height":60}},"image":{"@type":"ImageObject","@id":"https:\/\/www.amepo.cz\/wp-content\/uploads\/people-2603521_960_720_3.jpg","url":"https:\/\/www.amepo.cz\/wp-content\/uploads\/people-2603521_960_720_3.jpg","height":0,"width":0},"wordCount":514,"keywords":null},{"@type":"Article","@id":"https:\/\/www.amepo.cz\/idealni-barvy-pro-vase-znameni\/","headline":"Ide\u00e1ln\u00ed barvy pro va\u0161e znamen\u00ed","url":"https:\/\/www.amepo.cz\/idealni-barvy-pro-vase-znameni\/","datePublished":"2024-08-30","dateModified":"2024-08-30","mainEntityOfPage":"https:\/\/www.amepo.cz\/idealni-barvy-pro-vase-znameni\/","author":{"@type":"Person","@id":"https:\/\/www.amepo.cz\/author\/#Person","name":"","url":"https:\/\/www.amepo.cz\/author\/","identifier":1,"image":{"@type":"ImageObject","@id":"https:\/\/secure.gravatar.com\/avatar\/cfe4dae5aaf43720425415780408681beb9b9a829e9a657295ed1cacce5febc2?s=96&d=mm&r=g","url":"https:\/\/secure.gravatar.com\/avatar\/cfe4dae5aaf43720425415780408681beb9b9a829e9a657295ed1cacce5febc2?s=96&d=mm&r=g","height":96,"width":96}},"publisher":{"@type":"Organization","name":"amepo.cz","logo":{"@type":"ImageObject","@id":"\/logo.png","url":"\/logo.png","width":600,"height":60}},"image":{"@type":"ImageObject","@id":"https:\/\/www.amepo.cz\/wp-content\/uploads\/paint-2985569_640_1.jpg","url":"https:\/\/www.amepo.cz\/wp-content\/uploads\/paint-2985569_640_1.jpg","height":0,"width":0},"wordCount":562,"keywords":null}]},{"@context":"https:\/\/schema.org","@type":"WebSite","@id":"https:\/\/www.amepo.cz\/#website","name":"Amepo","url":"https:\/\/www.amepo.cz","potentialAction":{"@type":"SearchAction","target":"https:\/\/www.amepo.cz\/?s={search_term_string}","query-input":"required name=search_term_string"}}]