[{"@context":"https:\/\/schema.org\/","@type":"Article","@id":"https:\/\/www.amepo.cz\/planovani-a-zase-planovani\/#Article","mainEntityOfPage":"https:\/\/www.amepo.cz\/planovani-a-zase-planovani\/","headline":"Pl\u00e1nov\u00e1n\u00ed a zase pl\u00e1nov\u00e1n\u00ed","name":"Pl\u00e1nov\u00e1n\u00ed a zase pl\u00e1nov\u00e1n\u00ed","description":"Kdo by m\u011bl r\u00e1d, kdy\u017e mus\u00ed neust\u00e1le n\u011bco pl\u00e1novat a \u0159e\u0161it. Jen\u017ee u svatby to jinak nejde. V\u0161ichni, jak snoubenci, tak svateb\u010dan\u00e9, cht\u011bj\u00ed m\u00edt z cel\u00e9ho ob\u0159adu a oslav co nejlep\u0161\u00ed vzpom\u00ednky. A aby mohly b\u00fdt vzpom\u00ednky opravdu kr\u00e1sn\u00e9, mus\u00ed j\u00edt v\u0161echno jako po m\u00e1sle. Pl\u00e1nujte proto s n\u00e1mi, a za\u010dn\u011bte nejl\u00e9pe se snubn\u00edm prstenem.","datePublished":"2024-11-05","dateModified":"2024-11-05","author":{"@type":"Person","@id":"https:\/\/www.amepo.cz\/author\/#Person","name":"","url":"https:\/\/www.amepo.cz\/author\/","identifier":1,"image":{"@type":"ImageObject","@id":"https:\/\/secure.gravatar.com\/avatar\/cfe4dae5aaf43720425415780408681beb9b9a829e9a657295ed1cacce5febc2?s=96&d=mm&r=g","url":"https:\/\/secure.gravatar.com\/avatar\/cfe4dae5aaf43720425415780408681beb9b9a829e9a657295ed1cacce5febc2?s=96&d=mm&r=g","height":96,"width":96}},"publisher":{"@type":"Organization","name":"amepo.cz","logo":{"@type":"ImageObject","@id":"\/logo.png","url":"\/logo.png","width":600,"height":60}},"url":"https:\/\/www.amepo.cz\/planovani-a-zase-planovani\/","wordCount":209,"articleBody":"Kdo by m\u011bl r\u00e1d, kdy\u017e mus\u00ed neust\u00e1le n\u011bco pl\u00e1novat a \u0159e\u0161it. Jen\u017ee u svatby to jinak nejde. V\u0161ichni, jak snoubenci, tak svateb\u010dan\u00e9, cht\u011bj\u00ed m\u00edt z cel\u00e9ho ob\u0159adu a oslav co nejlep\u0161\u00ed vzpom\u00ednky. A aby mohly b\u00fdt vzpom\u00ednky opravdu kr\u00e1sn\u00e9, mus\u00ed j\u00edt v\u0161echno jako po m\u00e1sle. Pl\u00e1nujte proto s n\u00e1mi, a za\u010dn\u011bte nejl\u00e9pe se snubn\u00edm prstenem. Pro\u010d zrovna s n\u00edm?Je to jedna z nejdra\u017e\u0161\u00edch polo\u017eekObvykle snoubenci investuj\u00ed velkou \u010d\u00e1stku pr\u00e1v\u011b do nich. Je to vzpom\u00ednka na cel\u00fd \u017eivot, cel\u00fd \u017eivot v\u00e1m bude p\u0159ipom\u00ednat ten okam\u017eik, kdy jste si sl\u00edbili spole\u010dn\u00fd \u017eivot. Proto by m\u011bl b\u00fdt takov\u00fd, aby dokresloval obraz cel\u00e9 slavnosti. P\u0159i ok\u00e1zal\u00e9m ob\u0159adu zvolte podobn\u011b lad\u011bn\u00fd kus, p\u0159i prost\u0161\u00edm zase zvolte jednodu\u0161\u0161\u00ed krou\u017eek. Tak \u010di tak, u n\u00e1s najdete oboje. Objedn\u00e1vka je velmi jednoduch\u00e1, aby v\u00e1m nezabrala zbyte\u010dn\u011b moc \u010dasu. Vyberete jen barvu zlata, velikosti, k\u00e1men a rytinu a my si posp\u00ed\u0161\u00edme, abychom v\u00e1m kvalitn\u00ed \u0161perk dodali v co nejkrat\u0161\u00edm term\u00ednu.                                                                                                                                                                                                                                                                                                                                                                                                "},{"@context":"https:\/\/schema.org\/","@type":"BreadcrumbList","itemListElement":[{"@type":"ListItem","position":1,"name":"Pl\u00e1nov\u00e1n\u00ed a zase pl\u00e1nov\u00e1n\u00ed","item":"https:\/\/www.amepo.cz\/planovani-a-zase-planovani\/#breadcrumbitem"}]}]