[{"@context":"https:\/\/schema.org\/","@type":"Article","@id":"https:\/\/www.amepo.cz\/proc-je-osobni-automobilova-doprava-takovym-problemem\/#Article","mainEntityOfPage":"https:\/\/www.amepo.cz\/proc-je-osobni-automobilova-doprava-takovym-problemem\/","headline":"Pro\u010d je osobn\u00ed automobilov\u00e1 doprava takov\u00fdm probl\u00e9mem","name":"Pro\u010d je osobn\u00ed automobilov\u00e1 doprava takov\u00fdm probl\u00e9mem","description":"Naprost\u00e1 v\u011bt\u0161ina lid\u00ed dnes k\u00a0p\u0159eprav\u011b vyu\u017e\u00edv\u00e1 osobn\u00ed automobil, a nen\u00ed divu \u2013 je to v\u00a0naprost\u00e9 v\u011bt\u0161in\u011b p\u0159\u00edpad\u016f rychlej\u0161\u00ed a pohodln\u011bj\u0161\u00ed ne\u017e ve\u0159ejn\u00e1 hromadn\u00e1 doprava. To v\u0161ak tak\u00e9 znamen\u00e1, \u017ee po\u010det aut na na\u0161ich silnic\u00edch neust\u00e1le nar\u016fst\u00e1. A ukazuje se, \u017ee to bude je\u0161t\u011b v\u011bt\u0161\u00ed probl\u00e9m, ne\u017e se na za\u010d\u00e1tku \u010dekalo. \u0158idi\u010di si to toti\u017e neuv\u011bdomuj\u00ed,","datePublished":"2023-07-25","dateModified":"2024-06-26","author":{"@type":"Person","@id":"https:\/\/www.amepo.cz\/author\/#Person","name":"","url":"https:\/\/www.amepo.cz\/author\/","identifier":1,"image":{"@type":"ImageObject","@id":"https:\/\/secure.gravatar.com\/avatar\/cfe4dae5aaf43720425415780408681beb9b9a829e9a657295ed1cacce5febc2?s=96&d=mm&r=g","url":"https:\/\/secure.gravatar.com\/avatar\/cfe4dae5aaf43720425415780408681beb9b9a829e9a657295ed1cacce5febc2?s=96&d=mm&r=g","height":96,"width":96}},"publisher":{"@type":"Organization","name":"amepo.cz","logo":{"@type":"ImageObject","@id":"\/logo.png","url":"\/logo.png","width":600,"height":60}},"image":{"@type":"ImageObject","@id":"https:\/\/www.amepo.cz\/wp-content\/uploads\/auto26_10_8.jpg","url":"https:\/\/www.amepo.cz\/wp-content\/uploads\/auto26_10_8.jpg","height":0,"width":0},"url":"https:\/\/www.amepo.cz\/proc-je-osobni-automobilova-doprava-takovym-problemem\/","about":["Auto moto"],"wordCount":445,"articleBody":"Naprost\u00e1 v\u011bt\u0161ina lid\u00ed dnes k\u00a0p\u0159eprav\u011b vyu\u017e\u00edv\u00e1 osobn\u00ed automobil, a nen\u00ed divu \u2013 je to v\u00a0naprost\u00e9 v\u011bt\u0161in\u011b p\u0159\u00edpad\u016f rychlej\u0161\u00ed a pohodln\u011bj\u0161\u00ed ne\u017e ve\u0159ejn\u00e1 hromadn\u00e1 doprava. To v\u0161ak tak\u00e9 znamen\u00e1, \u017ee po\u010det aut na na\u0161ich silnic\u00edch neust\u00e1le nar\u016fst\u00e1. A ukazuje se, \u017ee to bude je\u0161t\u011b v\u011bt\u0161\u00ed probl\u00e9m, ne\u017e se na za\u010d\u00e1tku \u010dekalo. \u0158idi\u010di si to toti\u017e neuv\u011bdomuj\u00ed, av\u0161ak jejich st\u00e1le se zvy\u0161uj\u00edc\u00ed po\u010det p\u016fsob\u00ed pom\u011brn\u011b znateln\u00e9 pot\u00ed\u017ee.\u00a0Tou asi nejd\u016fle\u017eit\u011bj\u0161\u00ed je fakt, \u017ee kapacita silnic p\u0159est\u00e1v\u00e1 sta\u010dit. Je tedy nutn\u00e9 jejich roz\u0161i\u0159ov\u00e1n\u00ed a p\u0159id\u00e1v\u00e1n\u00ed dal\u0161\u00edch a dal\u0161\u00edch pruh\u016f. To samoz\u0159ejm\u011b jednak nen\u00ed nejlevn\u011bj\u0161\u00ed z\u00e1le\u017eitost, z\u00e1rove\u0148 v\u0161ak tak\u00e9 znamen\u00e1 z\u00e1bor st\u00e1le v\u011bt\u0161\u00ed plochy orn\u00e9 p\u016fdy \u010di stavebn\u00edch parcel. Pokud trochu p\u0159e\u017eeneme, pak za chv\u00edli u n\u00e1s nebude nic jin\u00e9ho, ne\u017e silnice. V\u0161ichni pak asi ch\u00e1peme, \u017ee o ornou p\u016fdu bychom p\u0159ich\u00e1zet nem\u011bli.\u00a0\u00a0S\u00a0t\u00edm souvis\u00ed i fakt, \u017ee v\u011bt\u0161\u00ed mno\u017estv\u00ed aut p\u0159edstavuje pro silnice tak\u00e9 v\u011bt\u0161\u00ed z\u00e1t\u011b\u017e a tedy i rychlej\u0161\u00ed opot\u0159eben\u00ed. S\u00a0t\u00edm souvis\u00ed i jejich sn\u00ed\u017een\u00e1 \u017eivotnost a \u010dast\u011bj\u0161\u00ed pot\u0159eba oprav. To jsou samoz\u0159ejm\u011b dal\u0161\u00ed n\u00e1klady, ale tak\u00e9 dal\u0161\u00ed dopravn\u00ed omezen\u00ed, co\u017e se \u0159idi\u010d\u016fm z\u00a0pochopiteln\u00fdch d\u016fvod\u016f p\u0159\u00edli\u0161 nel\u00edb\u00ed.\u00a0Pak je tu tak\u00e9 ot\u00e1zka parkov\u00e1n\u00ed. Je jasn\u00e9, \u017ee ne v\u0161echna vozidla jsou neust\u00e1le na silnici. Mus\u00edme m\u00edt mo\u017enost je n\u011bkde odstavit. Majitel\u00e9 rodinn\u00fdch dom\u016f maj\u00ed obvykle vlastn\u00ed gar\u00e1\u017e. Tu maj\u00ed n\u011bkdy i majitel\u00e9 byt\u016f, nen\u00ed to v\u0161ak pravidlem.\u00a0\u00a0D\u016fsledkem je zvy\u0161ov\u00e1n\u00ed parkovac\u00edch ploch ve m\u011bstech, \u010dasto na \u00fakor zelen\u011b, p\u0159\u00edpadn\u011b d\u011btsk\u00fdch h\u0159i\u0161\u0165. A i p\u0159es tato opat\u0159en\u00ed p\u0159est\u00e1vaj\u00ed sta\u010dit. Do\u0161lo to a\u017e tak daleko, \u017ee Praha na mnoha m\u00edstech zakazuje parkov\u00e1n\u00ed t\u011bm, kte\u0159\u00ed nejsou m\u00edstn\u00ed. To se v\u0161ak setk\u00e1v\u00e1 se zna\u010dn\u00fdm odporem a tento z\u00e1kaz nen\u00ed zrovna p\u0159\u00edsn\u011b dodr\u017eov\u00e1n.\u00a0Bohu\u017eel, dnes nen\u00ed v\u00a0podstat\u011b v\u016fle tento probl\u00e9m \u0159e\u0161it. Jist\u011b, sna\u017e\u00edme se vypo\u0159\u00e1d\u00e1vat s\u00a0v\u011bcmi, kter\u00e9 z\u00a0n\u011bj vypl\u00fdvaj\u00ed. Konkr\u00e9tn\u00ed \u0159e\u0161en\u00ed, kter\u00e9 by odstranilo z\u00e1kladn\u00ed p\u0159\u00ed\u010dinu, nem\u00e1me. Tedy alespo\u0148 pokud nechceme poru\u0161it z\u00e1kladn\u00ed lidsk\u00e1 pr\u00e1va a svobody.                                                                                                                                                                                                                                                                                                                                                                                                "},{"@context":"https:\/\/schema.org\/","@type":"BreadcrumbList","itemListElement":[{"@type":"ListItem","position":1,"name":"Pro\u010d je osobn\u00ed automobilov\u00e1 doprava takov\u00fdm probl\u00e9mem","item":"https:\/\/www.amepo.cz\/proc-je-osobni-automobilova-doprava-takovym-problemem\/#breadcrumbitem"}]}]