[{"@context":"https:\/\/schema.org\/","@type":"Article","@id":"https:\/\/www.amepo.cz\/proc-si-radeji-volime-sidlo-spolecnosti-v-praze\/#Article","mainEntityOfPage":"https:\/\/www.amepo.cz\/proc-si-radeji-volime-sidlo-spolecnosti-v-praze\/","headline":"Pro\u010d si rad\u011bji vol\u00edme s\u00eddlo spole\u010dnosti v Praze","name":"Pro\u010d si rad\u011bji vol\u00edme s\u00eddlo spole\u010dnosti v Praze","description":"P\u0159edstavte si, \u017ee se potkaj\u00ed dva kamar\u00e1di, co spolu sd\u00edleli \u0161koln\u00ed lavici na st\u0159edn\u00ed \u0161kole, a jeden z nich si za\u010dne st\u011b\u017eovat, jak\u00e9 za\u017e\u00edv\u00e1 peklo v souvislosti s podnik\u00e1n\u00edm. Sotva za\u010dal, u\u017e jej nav\u0161t\u00edvila kontrola z ber\u0148\u00e1ku, a i kdy\u017e m\u011bl v\u0161echno v po\u0159\u00e1dku, byl to pro n\u011bj takov\u00fd stres, \u017ee str\u00e1vil t\u00fdden v posteli","datePublished":"2024-06-10","dateModified":"2024-06-10","author":{"@type":"Person","@id":"https:\/\/www.amepo.cz\/author\/#Person","name":"","url":"https:\/\/www.amepo.cz\/author\/","identifier":1,"image":{"@type":"ImageObject","@id":"https:\/\/secure.gravatar.com\/avatar\/cfe4dae5aaf43720425415780408681beb9b9a829e9a657295ed1cacce5febc2?s=96&d=mm&r=g","url":"https:\/\/secure.gravatar.com\/avatar\/cfe4dae5aaf43720425415780408681beb9b9a829e9a657295ed1cacce5febc2?s=96&d=mm&r=g","height":96,"width":96}},"publisher":{"@type":"Organization","name":"amepo.cz","logo":{"@type":"ImageObject","@id":"\/logo.png","url":"\/logo.png","width":600,"height":60}},"image":{"@type":"ImageObject","@id":"https:\/\/www.amepo.cz\/wp-content\/uploads\/prague-433979_640_7.jpg","url":"https:\/\/www.amepo.cz\/wp-content\/uploads\/prague-433979_640_7.jpg","height":0,"width":0},"url":"https:\/\/www.amepo.cz\/proc-si-radeji-volime-sidlo-spolecnosti-v-praze\/","about":["Firmy"],"wordCount":429,"articleBody":"            P\u0159edstavte si, \u017ee se potkaj\u00ed dva kamar\u00e1di, co spolu sd\u00edleli \u0161koln\u00ed lavici na st\u0159edn\u00ed \u0161kole, a jeden z nich si za\u010dne st\u011b\u017eovat, jak\u00e9 za\u017e\u00edv\u00e1 peklo v souvislosti s podnik\u00e1n\u00edm. Sotva za\u010dal, u\u017e jej nav\u0161t\u00edvila kontrola z ber\u0148\u00e1ku, a i kdy\u017e m\u011bl v\u0161echno v po\u0159\u00e1dku, byl to pro n\u011bj takov\u00fd stres, \u017ee str\u00e1vil t\u00fdden v posteli s \u017ealude\u010dn\u00ed nevolnost\u00ed, kdy\u017e mu byl diagnostikov\u00e1n \u00fabytek magn\u00e9zia v organismu. Dal\u0161\u00ed probl\u00e9my za\u010daly koncem roku, kdy se od n\u011bkoho z ulice dozv\u011bd\u011bl spoustu pomluv, \u017ee prod\u00e1v\u00e1 kraden\u00e9 zbo\u017e\u00ed, a \u017ee dokonce nut\u00ed pracovat nezletil\u00e9 d\u011bti. Z rozhovoru vze\u0161lo najevo, \u017ee doty\u010dn\u00fd si ihned v za\u010d\u00e1tc\u00edch podnik\u00e1n\u00ed nahl\u00e1sil s\u00eddlo firmy v m\u00edst\u011b sv\u00e9ho bydli\u0161t\u011b, kde jej v\u0161ichni dob\u0159e znaj\u00ed, a nav\u00edc se v rozhovoru na ulici p\u0159ed n\u011bk\u00fdm zm\u00ednil o detailn\u00edch pl\u00e1nech a viz\u00edch sv\u00e9ho podnikatelsk\u00e9ho z\u00e1m\u011bru.Toto je jeden z p\u0159\u00edklad\u016f, kdy dok\u00e1\u017ee lidsk\u00e1 z\u00e1vist natropit tolik zla, \u017ee se lid\u00e9 kv\u016fli tomu i st\u011bhuj\u00ed. Mnoho nesebev\u011bdom\u00fdch jedinc\u016f nedok\u00e1\u017ee un\u00e9st, \u017ee je n\u011bkdo \u00fasp\u011b\u0161n\u011bj\u0161\u00ed, i kdy\u017e nevid\u00ed to, co je v pozad\u00ed \u2013 mnoho pr\u00e1ce, p\u00edle a osobn\u00edho sna\u017een\u00ed. Z\u00e1vistiv\u00ed lid\u00e9 obvykle sleduj\u00ed pouze to pozl\u00e1tko a to ostatn\u00ed jim unik\u00e1. Kamar\u00e1d, kter\u00fd si tento monolog vyslechl, mu odpov\u011bd\u011bl jasn\u011b a r\u00e1zn\u011b: \u201eM\u00e1\u0161 tohle zapot\u0159eb\u00ed?\u201c Sd\u011blil mu, \u017ee on tak\u00e9 podnik\u00e1, \u017ee m\u00e1 proz\u00edrav\u011b z\u0159\u00edzen\u00e9 s\u00eddlo spole\u010dnosti v Praze, a \u017ee se nikomu z lid\u00ed z mal\u00e9 obec nezm\u00ednil o sv\u00e9m \u017eivotn\u00edm stylu a podnikatelsk\u00e9m z\u00e1m\u011bru. Lid\u00e9 z ulice o n\u011bm nev\u00ed vlastn\u011b nic. A tam, kde nejsou \u017e\u00e1dn\u00e9 informace, nen\u00ed ani z\u00e1vist.Nekrmte zbyte\u010dn\u011b \u201epan\u00ed Z\u00e1vist\u201c, vyu\u017eijte pra\u017esk\u00e9 anonymity, kde v\u00e1s nikdo nezn\u00e1, a kde m\u00e1te nav\u00edc k dispozici i zasedac\u00ed m\u00edstnost s kuchy\u0148kou a toaletou. V Praze je nahl\u00e1\u0161eno ji\u017e tolik subjekt\u016f, \u017ee se t\u00edm v\u00fdrazn\u011b sni\u017euje pravd\u011bpodobnost kontroly z finan\u010dn\u00edho \u00fa\u0159adu, tak\u017ee k v\u00e1m v\u016fbec \u017e\u00e1dn\u00fd kontrolor t\u0159eba nikdy nezav\u00edt\u00e1. N\u011bkter\u00e9 zdroje uv\u00e1d\u00ed, \u017ee pravd\u011bpodobnost je tak mal\u00e1, \u017ee to vych\u00e1z\u00ed na jednu kontrolu za sto let.                                                                                                                                                                                                                                                                                                                                                                                                  "},{"@context":"https:\/\/schema.org\/","@type":"BreadcrumbList","itemListElement":[{"@type":"ListItem","position":1,"name":"Pro\u010d si rad\u011bji vol\u00edme s\u00eddlo spole\u010dnosti v Praze","item":"https:\/\/www.amepo.cz\/proc-si-radeji-volime-sidlo-spolecnosti-v-praze\/#breadcrumbitem"}]}]