[{"@context":"https:\/\/schema.org\/","@type":"Article","@id":"https:\/\/www.amepo.cz\/pronajate-leseni-si-nechte-postavit-od-odborniku\/#Article","mainEntityOfPage":"https:\/\/www.amepo.cz\/pronajate-leseni-si-nechte-postavit-od-odborniku\/","headline":"Pronajat\u00e9 le\u0161en\u00ed si nechte postavit od odborn\u00edk\u016f","name":"Pronajat\u00e9 le\u0161en\u00ed si nechte postavit od odborn\u00edk\u016f","description":"Pronaj\u00edm\u00e1te si le\u0161en\u00ed na zateplov\u00e1n\u00ed fas\u00e1dy va\u0161eho domu a jste si jisti, \u017ee tyto stavebn\u00ed pr\u00e1ce zvl\u00e1dnete bez \u00fahony? M\u00e1te-li zaji\u0161t\u011bn\u00fd stavebn\u00ed dozor a jsou-li mezi v\u00e1mi odborn\u00edci, kte\u0159\u00ed ji\u017e tyto pr\u00e1ce prov\u00e1d\u011bli, pak to m\u016f\u017ee skon\u010dit \u00fasp\u011bchem, nicm\u00e9n\u011b u pron\u00e1jm\u016f le\u0161en\u00ed je t\u0159eba postupovat velmi obez\u0159etn\u011b. St\u00e1v\u00e1 se toti\u017e, \u017ee se mont\u00e1\u017e le\u0161en\u00ed provede","datePublished":"2024-09-22","dateModified":"2024-09-22","author":{"@type":"Person","@id":"https:\/\/www.amepo.cz\/author\/#Person","name":"","url":"https:\/\/www.amepo.cz\/author\/","identifier":1,"image":{"@type":"ImageObject","@id":"https:\/\/secure.gravatar.com\/avatar\/cfe4dae5aaf43720425415780408681beb9b9a829e9a657295ed1cacce5febc2?s=96&d=mm&r=g","url":"https:\/\/secure.gravatar.com\/avatar\/cfe4dae5aaf43720425415780408681beb9b9a829e9a657295ed1cacce5febc2?s=96&d=mm&r=g","height":96,"width":96}},"publisher":{"@type":"Organization","name":"amepo.cz","logo":{"@type":"ImageObject","@id":"\/logo.png","url":"\/logo.png","width":600,"height":60}},"image":{"@type":"ImageObject","@id":"https:\/\/www.amepo.cz\/wp-content\/uploads\/construction-work-5498238_640.jpg","url":"https:\/\/www.amepo.cz\/wp-content\/uploads\/construction-work-5498238_640.jpg","height":0,"width":0},"url":"https:\/\/www.amepo.cz\/pronajate-leseni-si-nechte-postavit-od-odborniku\/","about":["Firmy"],"wordCount":434,"articleBody":"       Pronaj\u00edm\u00e1te si le\u0161en\u00ed na zateplov\u00e1n\u00ed fas\u00e1dy va\u0161eho domu a jste si jisti, \u017ee tyto stavebn\u00ed pr\u00e1ce zvl\u00e1dnete bez \u00fahony? M\u00e1te-li zaji\u0161t\u011bn\u00fd stavebn\u00ed dozor a jsou-li mezi v\u00e1mi odborn\u00edci, kte\u0159\u00ed ji\u017e tyto pr\u00e1ce prov\u00e1d\u011bli, pak to m\u016f\u017ee skon\u010dit \u00fasp\u011bchem, nicm\u00e9n\u011b u pron\u00e1jm\u016f le\u0161en\u00ed je t\u0159eba postupovat velmi obez\u0159etn\u011b. St\u00e1v\u00e1 se toti\u017e, \u017ee se mont\u00e1\u017e le\u0161en\u00ed provede nevhodn\u00fdm zp\u016fsobem, a stavebn\u00ed pr\u00e1ce pak kon\u010d\u00ed trag\u00e9di\u00ed. M\u016f\u017eete se o tom p\u0159esv\u011bd\u010dit \u010dten\u00edm n\u011bkter\u00fdch pas\u00e1\u017e\u00ed na Internetu, kter\u00e9 popisuj\u00ed smrteln\u00e9 \u00farazy d\u011bln\u00edk\u016f p\u0159i pr\u00e1ci na le\u0161en\u00ed, tedy jde zejm\u00e9na o p\u00e1dy osob z le\u0161en\u00ed nebo z\u0159\u00edcen\u00ed le\u0161en\u00ed jako takov\u00e9ho. Pro\u010d si rad\u011bji nechat le\u0161en\u00ed postavit odborn\u00edky?Stavba le\u0161en\u00ed na k\u0159iv\u00e9 a m\u011bkk\u00e9 plo\u0161e \u2013 v prvn\u00ed \u0159ad\u011b mus\u00edte db\u00e1t o to, aby le\u0161en\u00ed st\u00e1lo na rovin\u011b, a aby plocha, na kter\u00e9 je um\u00edst\u011bno, nebyla p\u0159\u00edli\u0161 m\u011bkk\u00e1, tedy nap\u0159\u00edklad pokud jde o p\u00edsek, rozbahn\u011bn\u00fd ter\u00e9n \u010di stavebn\u00ed nav\u00e1\u017eku. Le\u0161en\u00ed se zkr\u00e1tka mus\u00ed m\u00edt o co zap\u0159\u00edt a mus\u00ed b\u00fdt stabiln\u00ed.Kotven\u00ed do stavebn\u00ed konstrukce je nezbytn\u00e9 \u2013 pokud jste n\u011bkdy sledovali mont\u00e1\u017e le\u0161en\u00ed, z\u0159ejm\u011b jste zaregistrovali, \u017ee po v\u00fdstavb\u011b ka\u017ed\u00e9ho patra je le\u0161en\u00ed na n\u011bkolika m\u00edstech ihned kotveno do obvodov\u00e9ho zdiva. Toto je nutn\u00e9 k tomu, aby se le\u0161en\u00ed vlivem pohybu osob nebo v\u011btrn\u00fdmi poryvy nerozhoupalo a nez\u0159\u00edtilo. K takov\u00e9mu p\u0159\u00edpadu do\u0161lo nap\u0159\u00edklad v Praze a p\u00e1d le\u0161en\u00ed je zde dokonce nato\u010den na video a dostupn\u00fd ke zhl\u00e9dnut\u00ed. Kotvit se mus\u00ed ka\u017ed\u00e9 patro, a kdy\u017e se na to zapomene nebo snad zcela z\u00e1m\u011brn\u011b opomene, st\u00e1v\u00e1 se le\u0161en\u00ed nebezpe\u010dn\u00fdm rizikov\u00fdm pracovi\u0161t\u011bm.P\u00e1dy osob p\u0159i v\u00fdstavb\u011b le\u0161en\u00ed \u2013 k nejv\u011bt\u0161\u00edmu riziku p\u0159i stavb\u011b le\u0161en\u00ed doch\u00e1z\u00ed ve chv\u00edli, kdy se pokl\u00e1daj\u00ed na horn\u00ed patra ochrann\u00e1 z\u00e1bradl\u00ed. N\u011bkdo je tam toti\u017e mus\u00ed zasunout do trubek a v t\u00e9to chv\u00edli, ne\u017e k tomu dojde, je \u010dlov\u011bk zraniteln\u00fd. U vy\u0161\u0161\u00edch pater se nav\u00edc m\u016f\u017ee objevit z\u00e1vra\u0165 a ztr\u00e1ta rovnov\u00e1hy pak zap\u0159\u00ed\u010din\u00ed smrteln\u00e9 n\u00e1sledky p\u00e1du z velk\u00e9 v\u00fd\u0161ky.                                                                                                                                                                                                                                                                                                                                                                                                  "},{"@context":"https:\/\/schema.org\/","@type":"BreadcrumbList","itemListElement":[{"@type":"ListItem","position":1,"name":"Pronajat\u00e9 le\u0161en\u00ed si nechte postavit od odborn\u00edk\u016f","item":"https:\/\/www.amepo.cz\/pronajate-leseni-si-nechte-postavit-od-odborniku\/#breadcrumbitem"}]}]