[{"@context":"https:\/\/schema.org\/","@type":"Article","@id":"https:\/\/www.amepo.cz\/verni-a-hodni-muzi\/#Article","mainEntityOfPage":"https:\/\/www.amepo.cz\/verni-a-hodni-muzi\/","headline":"V\u011brn\u00ed a hodn\u00ed mu\u017ei","name":"V\u011brn\u00ed a hodn\u00ed mu\u017ei","description":"V\u017edycky jsem si \u0159\u00edkala, \u017ee a\u017e budu dosp\u011bl\u00e1, tak si najdu n\u011bjak\u00e9ho mu\u017ee, kter\u00fd mi bude st\u00e1t v\u017edycky po boku. Cht\u011bla jsem n\u011bjak\u00e9ho mu\u017ee, kter\u00fd je vy\u0161\u0161\u00ed ne\u017e j\u00e1. A je taky v\u011brn\u00fd a chytr\u00fd. J\u00e1 toti\u017e m\u011b\u0159\u00edm sto osmdes\u00e1t centimetr\u016f. Tak\u017ee pro m\u011b je opravdu velmi obt\u00ed\u017en\u00e9 naj\u00edt n\u011bjak\u00e9ho mu\u017ee, kter\u00fd je alespo\u0148 o","datePublished":"2022-04-22","dateModified":"2022-04-22","author":{"@type":"Person","@id":"https:\/\/www.amepo.cz\/author\/#Person","name":"","url":"https:\/\/www.amepo.cz\/author\/","identifier":1,"image":{"@type":"ImageObject","@id":"https:\/\/secure.gravatar.com\/avatar\/cfe4dae5aaf43720425415780408681beb9b9a829e9a657295ed1cacce5febc2?s=96&d=mm&r=g","url":"https:\/\/secure.gravatar.com\/avatar\/cfe4dae5aaf43720425415780408681beb9b9a829e9a657295ed1cacce5febc2?s=96&d=mm&r=g","height":96,"width":96}},"publisher":{"@type":"Organization","name":"amepo.cz","logo":{"@type":"ImageObject","@id":"\/logo.png","url":"\/logo.png","width":600,"height":60}},"image":{"@type":"ImageObject","@id":"https:\/\/www.amepo.cz\/wp-content\/uploads\/happy-family-2284698_960_720.jpg","url":"https:\/\/www.amepo.cz\/wp-content\/uploads\/happy-family-2284698_960_720.jpg","height":0,"width":0},"url":"https:\/\/www.amepo.cz\/verni-a-hodni-muzi\/","about":["Mu\u017ei"],"wordCount":436,"articleBody":"V\u017edycky jsem si \u0159\u00edkala, \u017ee a\u017e budu dosp\u011bl\u00e1, tak si najdu n\u011bjak\u00e9ho mu\u017ee, kter\u00fd mi bude st\u00e1t v\u017edycky po boku. Cht\u011bla jsem n\u011bjak\u00e9ho mu\u017ee, kter\u00fd je vy\u0161\u0161\u00ed ne\u017e j\u00e1. A je taky v\u011brn\u00fd a chytr\u00fd. J\u00e1 toti\u017e m\u011b\u0159\u00edm sto osmdes\u00e1t centimetr\u016f. Tak\u017ee pro m\u011b je opravdu velmi obt\u00ed\u017en\u00e9 naj\u00edt n\u011bjak\u00e9ho mu\u017ee, kter\u00fd je alespo\u0148 o p\u011bt centimetr\u016f vy\u0161\u0161\u00ed ne\u017e j\u00e1. J\u00e1 v\u00edm, \u017ee jsou mu\u017ei taky vy\u0161\u0161\u00ed, \u017ee maj\u00ed taky t\u0159eba dva metry anebo i v\u00edce. Mn\u011b by to nevadilo a docela by mi to taky vyhovovalo. Proto\u017ee j\u00e1 velmi r\u00e1da nos\u00edm vysok\u00e9 podpatky, tak\u017ee kdyby m\u016fj p\u0159\u00edtel m\u011bla t\u0159eba dva metry, tak by to opravdu nebylo na \u0161kodu a byla bych r\u00e1da. Jenom\u017ee j\u00e1 m\u00e1m takovou sm\u016flu, \u017ee v\u017edycky kdy\u017e si s n\u011bk\u00fdm d\u00e1m rande, taky v\u017edycky o hlavu men\u0161\u00ed ne\u017e j\u00e1. Asi schv\u00e1ln\u011b?Proto\u017ee na internetov\u00e9 seznamce opravdu nejde poznat podle fotky, jak je mu\u017e vysok\u00fd. A opravdu se mi zd\u00e1 trapn\u00e9, abych se n\u011bkoho p\u0159es internet ptala, jak je vysok\u00fd. To by se mi nel\u00edbilo. Tak\u017ee to v\u017edycky risknu. \u0160koda, \u017ee nem\u00e1m n\u011bjak\u00fd odhad, \u017ee bych podle fotky poznala, jak je mu\u017e vysok\u00fd. Mysl\u00edm si, \u017ee to tak ale asi m\u00e1 b\u00fdt. Nicm\u00e9n\u011b ale jsem si \u0159ekla, \u017ee budu chodit na rande st\u00e1le a t\u0159eba se mi jednoho dne po\u0161t\u011bst\u00ed.P\u0159eci nen\u00ed mo\u017en\u00e9, aby v\u0161ichni voln\u00ed mu\u017ei byli mal\u00ed a nem\u011bli v\u00fd\u0161ku, jako bych si p\u0159\u00e1la. Nicm\u00e9n\u011b ale u\u017e jsem si \u0159ekla, \u017ee d\u00e1m rad\u011bji p\u0159ednost takov\u00e9mu mu\u017ei, kter\u00fd bude hodn\u00fd a v\u011brn\u00fd, proto\u017ee v\u011brnost je taky pro m\u011b velmi d\u016fle\u017eit\u00e1 a je pro m\u011b taky na prvn\u00edm m\u00edst\u011b. Necht\u011bla bych rozhodn\u011b mu\u017ee, kter\u00fd denn\u011b sed\u00ed jen na zadku u televize anebo takov\u00e9ho, kter\u00fd se ohl\u00ed\u017e\u00ed za ka\u017edou sukn\u00ed. Jsme docela \u017e\u00e1rliv\u00e1, tak\u017ee n\u011bjak\u00e9 \u017e\u00e1rliv\u00e9 sc\u00e9ny by v na\u0161em budouc\u00edm vztahu d\u011blaly opravdu velk\u00e9 \u0161kody. A to by se mi nel\u00edbilo. Nicm\u00e9n\u011b ale v\u00edm, \u017ee mu\u017e by m\u011bl b\u00fdt \u017een\u011b\u00a0oporou\u00a0a v\u017edycky p\u0159i n\u00ed st\u00e1t a ve v\u0161em ji podporovat.\u00a0Existuj\u00ed\u00a0ale je\u0161t\u011b takov\u00ed mu\u017ei? Nebo jsou jen ji\u017e v poh\u00e1dk\u00e1ch?                                                                                                                                                                                                                                                                                                                                                                                                "},{"@context":"https:\/\/schema.org\/","@type":"BreadcrumbList","itemListElement":[{"@type":"ListItem","position":1,"name":"V\u011brn\u00ed a hodn\u00ed mu\u017ei","item":"https:\/\/www.amepo.cz\/verni-a-hodni-muzi\/#breadcrumbitem"}]}]