[{"@context":"https:\/\/schema.org\/","@type":"Article","@id":"https:\/\/www.amepo.cz\/zima-a-horko\/#Article","mainEntityOfPage":"https:\/\/www.amepo.cz\/zima-a-horko\/","headline":"Zima a horko","name":"Zima a horko","description":"T\u011b\u0161\u00edte se t\u011b\u0161\u00edte, ale n\u011bco v\u00e1m kaz\u00ed radost. Zlobiv\u00e9 d\u011bti? Nev\u011brn\u00e1 \u017eena? Nic z toho? Aha, u\u017e to v\u00edme. Venku je skoro \u010dty\u0159ic\u00edtka a vy m\u00e1te v aut\u011b p\u0159\u00edjemn\u00fd chl\u00e1dek. Nechce se v\u00e1m do toho horka. Ale v\u0161ak to bude jen chvilka ne? Jo, chvilka. Je nutno vyl\u00e9zt z auta, vyt\u00e1hnout kl\u00ed\u010de, odemknout br\u00e1nu a","datePublished":"2025-01-21","dateModified":"2025-01-21","author":{"@type":"Person","@id":"https:\/\/www.amepo.cz\/author\/#Person","name":"","url":"https:\/\/www.amepo.cz\/author\/","identifier":1,"image":{"@type":"ImageObject","@id":"https:\/\/secure.gravatar.com\/avatar\/cfe4dae5aaf43720425415780408681beb9b9a829e9a657295ed1cacce5febc2?s=96&d=mm&r=g","url":"https:\/\/secure.gravatar.com\/avatar\/cfe4dae5aaf43720425415780408681beb9b9a829e9a657295ed1cacce5febc2?s=96&d=mm&r=g","height":96,"width":96}},"publisher":{"@type":"Organization","name":"amepo.cz","logo":{"@type":"ImageObject","@id":"\/logo.png","url":"\/logo.png","width":600,"height":60}},"image":{"@type":"ImageObject","@id":"https:\/\/www.amepo.cz\/wp-content\/uploads\/wrought-iron-2462981_640_1.png","url":"https:\/\/www.amepo.cz\/wp-content\/uploads\/wrought-iron-2462981_640_1.png","height":0,"width":0},"url":"https:\/\/www.amepo.cz\/zima-a-horko\/","about":["V\u00fdrobky"],"wordCount":438,"articleBody":"          T\u011b\u0161\u00edte se t\u011b\u0161\u00edte, ale n\u011bco v\u00e1m kaz\u00ed radost. Zlobiv\u00e9 d\u011bti? Nev\u011brn\u00e1 \u017eena? Nic z toho? Aha, u\u017e to v\u00edme. Venku je skoro \u010dty\u0159ic\u00edtka a vy m\u00e1te v aut\u011b p\u0159\u00edjemn\u00fd chl\u00e1dek. Nechce se v\u00e1m do toho horka. Ale v\u0161ak to bude jen chvilka ne? Jo, chvilka. Je nutno vyl\u00e9zt z auta, vyt\u00e1hnout kl\u00ed\u010de, odemknout br\u00e1nu a zase zp\u011bt do automobilu. Pak projet autem do dvora nebo zahrady a zase ven do toho parna. Za t\u011bch p\u00e1r sekund tedy zhruba t\u0159icet z v\u00e1s te\u010de jako z kon\u011b a klimatizace v aut\u011b je tak tro\u0161i\u010dku k ni\u010demu. No ned\u00e1 se nic d\u011blat, vylezete znovu ven, br\u00e1nu zav\u0159ete a zamknete. A \u017ee se v\u00e1m to tak hezky da\u0159ilo, m\u016f\u017eete si to cel\u00e9 zopakovat je\u0161t\u011b tak\u00e9 u gar\u00e1\u017ee. Z\u00e1bavi\u010dka co\u017e? A to je jen to horko, co kdyby lilo jako z konce? Budete \u010dekat v aut\u011b a\u017e to p\u0159ejde? Nu a ji\u017e zde m\u00e1me zimu, venku m\u00ednus dvacet, bychom to zase tak n\u011bjak moc nep\u0159eh\u00e1n\u011bli a hele kdopak n\u00e1m to op\u011bt p\u0159ij\u00ed\u017ed\u00ed na stejn\u00e9 m\u00edsto. No jo, t\u00e1ta je to. A zase mus\u00ed z toho hezky vyh\u0159\u00e1t\u00e9ho vozu ven do mrazu. A zase ten ritu\u00e1l, odemknout, otev\u0159\u00edt a sakra, nyn\u00ed mu spadly kl\u00ed\u010de do sn\u011bhu\u2026 Tak co, jak se v\u00e1m l\u00edb\u00ed ob\u011b situace?Ta druh\u00e1 je o to veselej\u0161\u00ed, \u017ee se p\u0159i n\u00ed lze velmi snadno nachladit a dostat ch\u0159ipku, nebo je\u0161t\u011b l\u00e9pe, aby byla v\u011bt\u0161\u00ed legrace nap\u0159\u00edklad z\u00e1pal plic. Tak\u017ee n\u00e1sleduje nemoc, l\u00e9ka\u0159i, \u0161pit\u00e1l a hned je o p\u00e1r tis\u00edc minc\u00ed m\u00e9n\u011b u v\u00fdplaty. Pokud nen\u00ed ten posti\u017een\u00fd podnikatel. To by bylo je\u0161t\u011b hor\u0161\u00ed. Tak co p\u00e1nov\u00e9, rozhoup\u00e1te se ke koupen\u00ed automatick\u00e9 br\u00e1ny? Nebo chcete skute\u010dn\u011b takto riskovat sv\u00e9 zdrav\u00ed, jak pops\u00e1no? J\u00e1 v\u011b\u0159\u00edm tomu, \u017ee m\u00e1te rozum a vyberte si druhou mo\u017enost. Pak tedy volte vrata \u010di br\u00e1nu kvalitn\u00ed a s kvalitn\u00edm pohonem. Nap\u0159\u00edklad pohony pro posuvn\u00e9 br\u00e1ny altoma.cz jsou na tak vysok\u00e9 \u00farovni, \u017ee u\u017e to v\u00fd\u0161e ani nelze. V sou\u010dasnosti jsou nejprod\u00e1van\u011bj\u0161\u00ed na na\u0161em trhu. Na fotk\u00e1ch je nehledejte, ty jsou jen ilustra\u010dn\u00ed. Pokud je chcete vid\u011bt, tak klikn\u011bte na odkaz.                                                                                                                                                                                                                                                                                                                                                                                                   "},{"@context":"https:\/\/schema.org\/","@type":"BreadcrumbList","itemListElement":[{"@type":"ListItem","position":1,"name":"Zima a horko","item":"https:\/\/www.amepo.cz\/zima-a-horko\/#breadcrumbitem"}]}]